{"headers": {"id": "ID", "data_inicio": "Abertura", "hora_inicio": "Hor\u00e1rio (hh:mm)", "data_fim": "Encerramento", "hora_fim": "Hor\u00e1rio (hh:mm)", "": "T\u00edtulo"}, "results": [{"id": 268, "data_inicio": "2026-04-08", "hora_inicio": "19:00", "data_fim": "2026-04-08", "hora_fim": "20:00", "": "13\u00aa Sess\u00e3o Ordin\u00e1ria de 2026 da 2\u00aa Sess\u00e3o Legislativa da 8\u00aa Legislatura"}, {"id": 267, "data_inicio": "2026-04-07", "hora_inicio": "19:00", "data_fim": "2026-04-07", "hora_fim": "20:00", "": "12\u00aa Sess\u00e3o Ordin\u00e1ria de 2026 da 2\u00aa Sess\u00e3o Legislativa da 8\u00aa Legislatura"}, {"id": 266, "data_inicio": "2026-04-06", "hora_inicio": "19:00", "data_fim": "2026-04-06", "hora_fim": "20:00", "": "11\u00aa Sess\u00e3o Ordin\u00e1ria de 2026 da 2\u00aa Sess\u00e3o Legislativa da 8\u00aa Legislatura"}, {"id": 264, "data_inicio": "2026-03-05", "hora_inicio": "20:00", "data_fim": "2026-03-05", "hora_fim": "20:05", "": "10\u00aa Sess\u00e3o Ordin\u00e1ria de 2026 da 2\u00aa Sess\u00e3o Legislativa da 8\u00aa Legislatura"}, {"id": 263, "data_inicio": "2026-03-05", "hora_inicio": "19:00", "data_fim": "2026-03-05", "hora_fim": "20:00", "": "9\u00aa Sess\u00e3o Ordin\u00e1ria de 2026 da 2\u00aa Sess\u00e3o Legislativa da 8\u00aa Legislatura"}, {"id": 262, "data_inicio": "2026-03-04", "hora_inicio": "19:00", "data_fim": "2026-03-04", "hora_fim": "20:00", "": "8\u00aa Sess\u00e3o Ordin\u00e1ria de 2026 da 2\u00aa Sess\u00e3o Legislativa da 8\u00aa Legislatura"}, {"id": 265, "data_inicio": "2026-03-03", "hora_inicio": "20:00", "data_fim": "2026-03-03", "hora_fim": "20:05", "": "7\u00aa Sess\u00e3o Ordin\u00e1ria de 2026 da 2\u00aa Sess\u00e3o Legislativa da 8\u00aa Legislatura"}, {"id": 261, "data_inicio": "2026-03-03", "hora_inicio": "19:00", "data_fim": "2026-03-03", "hora_fim": "20:00", "": "6\u00aa Sess\u00e3o Ordin\u00e1ria de 2026 da 2\u00aa Sess\u00e3o Legislativa da 8\u00aa Legislatura"}, {"id": 260, "data_inicio": "2026-02-05", "hora_inicio": "20:00", "data_fim": "2026-02-05", "hora_fim": "20:05", "": "5\u00aa Sess\u00e3o Ordin\u00e1ria de 2026 da 2\u00aa Sess\u00e3o Legislativa da 8\u00aa Legislatura"}, {"id": 258, "data_inicio": "2026-02-04", "hora_inicio": "19:30", "data_fim": "2026-02-04", "hora_fim": "21:00", "": "3\u00aa Sess\u00e3o Ordin\u00e1ria de 2026 da 2\u00aa Sess\u00e3o Legislativa da 8\u00aa Legislatura"}, {"id": 257, "data_inicio": "2026-02-03", "hora_inicio": "20:10", "data_fim": "2026-02-03", "hora_fim": "20:15", "": "2\u00aa Sess\u00e3o Ordin\u00e1ria de 2026 da 2\u00aa Sess\u00e3o Legislativa da 8\u00aa Legislatura"}, {"id": 256, "data_inicio": "2026-02-03", "hora_inicio": "19:15", "data_fim": "2026-02-03", "hora_fim": "20:10", "": "1\u00aa Sess\u00e3o Ordin\u00e1ria de 2026 da 2\u00aa Sess\u00e3o Legislativa da 8\u00aa Legislatura"}]}