{"headers": {"id": "ID", "ano": "Ano", "numero": "N\u00famero", "tipo__sigla": "Tipo de Mat\u00e9ria Legislativa/Sigla", "tipo__descricao": "Tipo de Mat\u00e9ria Legislativa/Descri\u00e7\u00e3o", "autoria__autor__nome": "Autorias/Autor/Nome do Autor", "texto_original": "Texto Original", "ementa": "Ementa"}, "results": [{"id": 487, "ano": 2026, "numero": 1, "tipo__sigla": "PLO", "tipo__descricao": "Projeto de Lei Executivo", "autoria__autor__nome": "ANGELO MARIO PEREIRA ALVES", "texto_original": "http://146.190.132.89/sapl/public/materialegislativa/2026/487/0001_-_altera_lei_388-2023_-_pccr_saude_ok.pdf", "ementa": "Altera a Lei Municipal n\u00ba 388, de 22 de dezembro de 2023, que disp\u00f5e sobre o plano de cargos, carreiras e remunera\u00e7\u00e3o dos trabalhadores da sa\u00fade do munic\u00edpio de Pugmil \u2013 TO, para assegurar a preserva\u00e7\u00e3o dos direitos dos servidores investidos em mandato eletivo, altera seus anexos e d\u00e1 outras provid\u00eancias."}, {"id": 488, "ano": 2026, "numero": 2, "tipo__sigla": "PLO", "tipo__descricao": "Projeto de Lei Executivo", "autoria__autor__nome": "ANGELO MARIO PEREIRA ALVES", "texto_original": "http://146.190.132.89/sapl/public/materialegislativa/2026/488/0002_-_altera_lei_387-2023_-_pccr_quadro_geral_ok.pdf", "ementa": "Altera a Lei Municipal n\u00ba 387 de 22 de dezembro de 2023, disp\u00f5e sobre o plano de cargos, carreiras e remunera\u00e7\u00e3o (PCCR) dos servidores p\u00fablicos do quadro geral do munic\u00edpio de Pugmil \u2013 TO., adota outras provid\u00eancias, para assegurar a preserva\u00e7\u00e3o dos direitos dos servidores investidos em mandato eletivo, altera seus anexos e d\u00e1 outras provid\u00eancias."}, {"id": 489, "ano": 2026, "numero": 3, "tipo__sigla": "PLO", "tipo__descricao": "Projeto de Lei Executivo", "autoria__autor__nome": "ANGELO MARIO PEREIRA ALVES", "texto_original": "http://146.190.132.89/sapl/public/materialegislativa/2026/489/0003_-_altera_lei_005-2003-_regime_juridico_-_estatuto_servidor.docx", "ementa": "Altera a Lei Municipal n\u00ba 005/2003 que disp\u00f5e sobre o Estatuto dos Servidores P\u00fablicos de Pugmil/TO e d\u00e1 outras provid\u00eancias."}, {"id": 490, "ano": 2026, "numero": 4, "tipo__sigla": "PLO", "tipo__descricao": "Projeto de Lei Executivo", "autoria__autor__nome": "ANGELO MARIO PEREIRA ALVES", "texto_original": "http://146.190.132.89/sapl/public/materialegislativa/2026/490/004_-_autoriza_contratacao_temporaria_2026.docx", "ementa": "Disp\u00f5e sobre contrata\u00e7\u00e3o por tempo determinado para atender a necessidade tempor\u00e1ria de excepcional interesse p\u00fablico no exerc\u00edcio de 2026, nos termos do inciso IX, do art. 37 da Constitui\u00e7\u00e3o Federal."}, {"id": 491, "ano": 2026, "numero": 5, "tipo__sigla": "PLO", "tipo__descricao": "Projeto de Lei Executivo", "autoria__autor__nome": "ANGELO MARIO PEREIRA ALVES", "texto_original": "http://146.190.132.89/sapl/public/materialegislativa/2026/491/005_-_altera_estrutura_administrativa_2026.docx", "ementa": "Altera o Anexo l da Lei 243, de 18 de dezembro de 2017 que disp\u00f5e sobre a organiza\u00e7\u00e3o da Estrutura Administrativa do Poder Executivo do Munic\u00edpio de Pugmil e d\u00e1 outras provid\u00eancias."}, {"id": 506, "ano": 2026, "numero": 6, "tipo__sigla": "PLO", "tipo__descricao": "Projeto de Lei Executivo", "autoria__autor__nome": "ANGELO MARIO PEREIRA ALVES", "texto_original": "http://146.190.132.89/sapl/public/materialegislativa/2026/506/006_-_rastreabilidade_das_emendas_parlamentares.docx", "ementa": "Disp\u00f5e sobre a transpar\u00eancia, rastreabilidade e controle da execu\u00e7\u00e3o das emendas parlamentares no \u00e2mbito do Munic\u00edpio de Pugmil \u2013 TO, e d\u00e1 outras provid\u00eancias."}, {"id": 508, "ano": 2026, "numero": 7, "tipo__sigla": "PLO", "tipo__descricao": "Projeto de Lei Executivo", "autoria__autor__nome": "ANGELO MARIO PEREIRA ALVES", "texto_original": "http://146.190.132.89/sapl/public/materialegislativa/2026/508/007_-_cria_conselho_municipal_do_idoso.docx", "ementa": "Cria o Conselho Municipal do Idoso \u2013 COMUI do Munic\u00edpio de Pugmil \u2013 TO e d\u00e1 outras provid\u00eancias."}, {"id": 509, "ano": 2026, "numero": 8, "tipo__sigla": "PLO", "tipo__descricao": "Projeto de Lei Executivo", "autoria__autor__nome": "ANGELO MARIO PEREIRA ALVES", "texto_original": "http://146.190.132.89/sapl/public/materialegislativa/2026/509/008_-_cria_o_fundo_municipal_do_idoso.docx", "ementa": "Cria o Fundo Municipal do Idoso e d\u00e1 outras provid\u00eancias."}, {"id": 532, "ano": 2026, "numero": 10, "tipo__sigla": "PLO", "tipo__descricao": "Projeto de Lei Executivo", "autoria__autor__nome": "ANGELO MARIO PEREIRA ALVES", "texto_original": "http://146.190.132.89/sapl/public/materialegislativa/2026/532/projeto_de_lei_n_010-2026.pdf", "ementa": "Disp\u00f5e sobre a atualiza\u00e7\u00e3o do piso salarial dos professores da educa\u00e7\u00e3o b\u00e1sica no \u00e2mbito municipal, e d\u00e1 outras providencias."}, {"id": 533, "ano": 2026, "numero": 11, "tipo__sigla": "PLO", "tipo__descricao": "Projeto de Lei Executivo", "autoria__autor__nome": "ANGELO MARIO PEREIRA ALVES", "texto_original": "http://146.190.132.89/", "ementa": "Disp\u00f5e sobre a Revis\u00e3o Geral Anual dos proventos dos servidores Quadro Geral do munic\u00edpio de Pugmil - TO, e adota outras provid\u00eancias."}, {"id": 534, "ano": 2026, "numero": 12, "tipo__sigla": "PLO", "tipo__descricao": "Projeto de Lei Executivo", "autoria__autor__nome": "ANGELO MARIO PEREIRA ALVES", "texto_original": "http://146.190.132.89/", "ementa": "Disp\u00f5e sobre a Revis\u00e3o Geral Anual dos proventos dos trabalhadores da sa\u00fade do munic\u00edpio de Pugmil, e adota outras provid\u00eancias."}, {"id": 510, "ano": 2026, "numero": 1, "tipo__sigla": "PRES", "tipo__descricao": "Projeto de Resolu\u00e7\u00e3o", "autoria__autor__nome": "Alessandro Ribeiro de S\u00e1\r\nBruno Mendes Cutrim\r\nRaynne Cabral Carneiro\r\nWilliam Pereira Mota", "texto_original": "http://146.190.132.89/sapl/public/materialegislativa/2026/510/projeto_de_resolucao_-_data_base_legislativo.docx", "ementa": "Disp\u00f5e sobre a revis\u00e3o geral anual dos subs\u00eddios dos vereadores da C\u00e2mara Municipal de Pugmil \u2013 TO, e d\u00e1 outras provid\u00eancia."}, {"id": 511, "ano": 2026, "numero": 2, "tipo__sigla": "PRES", "tipo__descricao": "Projeto de Resolu\u00e7\u00e3o", "autoria__autor__nome": "Raynne Cabral Carneiro", "texto_original": "http://146.190.132.89/sapl/public/materialegislativa/2026/511/projeto_resolucao_diarias_-_pugmil_02.docx", "ementa": "Disp\u00f5e sobre a fixa\u00e7\u00e3o dos valores de di\u00e1rias no \u00e2mbito da C\u00e2mara Municipal de Pugmil \u2013TO, revoga o Decreto Legislativo n\u00ba 001/2022 e d\u00e1 outras provid\u00eancias."}, {"id": 518, "ano": 2026, "numero": 6, "tipo__sigla": "PAR", "tipo__descricao": "Parecer de Comiss\u00e3o", "autoria__autor__nome": "CCJR - Comiss\u00e3o de Constitui\u00e7\u00e3o, Justi\u00e7a e Reda\u00e7\u00e3o\r\nCOUSAP - Comiss\u00e3o de Obras P\u00fablicas, Urbanismo, Servi\u00e7os P\u00fablicos e Atividades Privadas", "texto_original": "http://146.190.132.89/sapl/public/materialegislativa/2026/518/parecer_6_ple__6_ccj_e_osp.docx", "ementa": "PROJETO DE LEI N\u00ba 0006/2026 - Disp\u00f5e sobre a transpar\u00eancia, rastreabilidade e controle da execu\u00e7\u00e3o das emendas parlamentares no \u00e2mbito do Munic\u00edpio de Pugmil \u2013 TO, e d\u00e1 outras provid\u00eancias."}, {"id": 519, "ano": 2026, "numero": 7, "tipo__sigla": "PAR", "tipo__descricao": "Parecer de Comiss\u00e3o", "autoria__autor__nome": "CCJR - Comiss\u00e3o de Constitui\u00e7\u00e3o, Justi\u00e7a e Reda\u00e7\u00e3o\r\nCECDSA - Comiss\u00e3o de Educa\u00e7\u00e3o, Ci\u00eancias, Comunica\u00e7\u00e3o, Cultura, Desporto, Sa\u00fade e Assist\u00eancia Social", "texto_original": "http://146.190.132.89/sapl/public/materialegislativa/2026/519/parecer_7___ple__07__ccj_e_csas.docx", "ementa": "Projeto de Lei N\u00ba 0007/2026 - Cria o Conselho Municipal do Idoso \u2013 COMUI do munic\u00edpio de Pugmil \u2013 TO e d\u00e1 outras provid\u00eancias."}, {"id": 520, "ano": 2026, "numero": 8, "tipo__sigla": "PAR", "tipo__descricao": "Parecer de Comiss\u00e3o", "autoria__autor__nome": "CCJR - Comiss\u00e3o de Constitui\u00e7\u00e3o, Justi\u00e7a e Reda\u00e7\u00e3o\r\nCFOTC - Comiss\u00e3o de Finan\u00e7as, Or\u00e7amento, Tributa\u00e7\u00e3o, Fiscaliza\u00e7\u00e3o e Controle", "texto_original": "http://146.190.132.89/sapl/public/materialegislativa/2026/520/parecer_8__ple_8_ccj_e_cfo.docx", "ementa": "Projeto de Lei n\u00ba 0008/2026 - Cria o Fundo Municipal do idoso e d\u00e1 outras provid\u00eancias."}, {"id": 521, "ano": 2026, "numero": 9, "tipo__sigla": "PAR", "tipo__descricao": "Parecer de Comiss\u00e3o", "autoria__autor__nome": "CCJR - Comiss\u00e3o de Constitui\u00e7\u00e3o, Justi\u00e7a e Reda\u00e7\u00e3o\r\nCFOTC - Comiss\u00e3o de Finan\u00e7as, Or\u00e7amento, Tributa\u00e7\u00e3o, Fiscaliza\u00e7\u00e3o e Controle", "texto_original": "http://146.190.132.89/", "ementa": "Projeto de Resolu\u00e7\u00e3o n\u00ba 0001, de 02 de mar\u00e7o de 2026 - Disp\u00f5e sobre a revis\u00e3o geral anual dos subs\u00eddios dos vereadores da c\u00e2mara municipal de Pugmil \u2013 to, e d\u00e1 outras provid\u00eancias."}, {"id": 522, "ano": 2026, "numero": 10, "tipo__sigla": "PAR", "tipo__descricao": "Parecer de Comiss\u00e3o", "autoria__autor__nome": "CCJR - Comiss\u00e3o de Constitui\u00e7\u00e3o, Justi\u00e7a e Reda\u00e7\u00e3o\r\nCFOTC - Comiss\u00e3o de Finan\u00e7as, Or\u00e7amento, Tributa\u00e7\u00e3o, Fiscaliza\u00e7\u00e3o e Controle", "texto_original": "http://146.190.132.89/", "ementa": "Projeto de Resolu\u00e7\u00e3o n\u00ba 0002, de 02 de mar\u00e7o de 2026 - Disp\u00f5e sobre a fixa\u00e7\u00e3o dos valores de di\u00e1rias no \u00e2mbito da C\u00e2mara Municipal de Pugmil \u2013TO, revoga o Decreto Legislativo n\u00ba 001/2022 e d\u00e1 outras provid\u00eancias."}, {"id": 545, "ano": 2026, "numero": 11, "tipo__sigla": "PAR", "tipo__descricao": "Parecer de Comiss\u00e3o", "autoria__autor__nome": "CCJR - Comiss\u00e3o de Constitui\u00e7\u00e3o, Justi\u00e7a e Reda\u00e7\u00e3o\r\nCFOTC - Comiss\u00e3o de Finan\u00e7as, Or\u00e7amento, Tributa\u00e7\u00e3o, Fiscaliza\u00e7\u00e3o e Controle", "texto_original": "http://146.190.132.89/sapl/public/materialegislativa/2026/545/parecer_11__ple_10___ccj_e_cfo.docx", "ementa": "PROJETO DE LEI N\u00b0 0010 DE 06 DE ABRIL DE 2026 - Disp\u00f5e sobre a atualiza\u00e7\u00e3o do piso salarial dos professores da educa\u00e7\u00e3o b\u00e1sica no \u00e2mbito municipal, e d\u00e1 outras providencias.\""}, {"id": 546, "ano": 2026, "numero": 12, "tipo__sigla": "PAR", "tipo__descricao": "Parecer de Comiss\u00e3o", "autoria__autor__nome": "CCJR - Comiss\u00e3o de Constitui\u00e7\u00e3o, Justi\u00e7a e Reda\u00e7\u00e3o\r\nCFOTC - Comiss\u00e3o de Finan\u00e7as, Or\u00e7amento, Tributa\u00e7\u00e3o, Fiscaliza\u00e7\u00e3o e Controle", "texto_original": "http://146.190.132.89/sapl/public/materialegislativa/2026/546/parecer_12_ple_11___ccj_e_cfo.docx", "ementa": "PROJETO DE LEI N\u00b0 0011 DE 06 DE ABRIL DE 2026 - Disp\u00f5e sobre a Revis\u00e3o Geral Anual dos proventos dos servidores Quadro Geral do munic\u00edpio de Pugmil - TO, e adota outras provid\u00eancias."}, {"id": 547, "ano": 2026, "numero": 13, "tipo__sigla": "PAR", "tipo__descricao": "Parecer de Comiss\u00e3o", "autoria__autor__nome": "CCJR - Comiss\u00e3o de Constitui\u00e7\u00e3o, Justi\u00e7a e Reda\u00e7\u00e3o\r\nCFOTC - Comiss\u00e3o de Finan\u00e7as, Or\u00e7amento, Tributa\u00e7\u00e3o, Fiscaliza\u00e7\u00e3o e Controle", "texto_original": "http://146.190.132.89/sapl/public/materialegislativa/2026/547/parecer_13__ple_12__ccj_e_cfo.docx", "ementa": "PROJETO DE LEI N\u00b0 0012 DE 06 DE ABRIL DE 2026 - Disp\u00f5e sobre a Revis\u00e3o Geral Anual dos proventos dos trabalhadores da sa\u00fade do munic\u00edpio de Pugmil, e adota outras provid\u00eancias."}, {"id": 548, "ano": 2026, "numero": 14, "tipo__sigla": "PAR", "tipo__descricao": "Parecer de Comiss\u00e3o", "autoria__autor__nome": "CCJR - Comiss\u00e3o de Constitui\u00e7\u00e3o, Justi\u00e7a e Reda\u00e7\u00e3o\r\nCOUSAP - Comiss\u00e3o de Obras P\u00fablicas, Urbanismo, Servi\u00e7os P\u00fablicos e Atividades Privadas", "texto_original": "http://146.190.132.89/sapl/public/materialegislativa/2026/548/parecer_14_pll_01___ccf_e_osp.docx", "ementa": "PROJETO DE LEI DO LEGISLATIVO N\u00ba 001 DE 09 DE MAR\u00c7O DE 2026 - Disp\u00f5e sobre os crit\u00e9rios para concess\u00e3o de t\u00edtulo de utilidade p\u00fablica municipal, as entidades civis constitu\u00eddas no munic\u00edpio de Pugmil \u2013 TO, e d\u00e1 outras provid\u00eancias."}, {"id": 500, "ano": 2026, "numero": 1, "tipo__sigla": "REQ", "tipo__descricao": "Requerimento", "autoria__autor__nome": "Elmir Oliveira da Silva", "texto_original": "http://146.190.132.89/sapl/public/materialegislativa/2026/500/requerimento_n_01_emir_data_base_1.docx", "ementa": "Solicitando que, seja providenciado pagamento da Data-base dos servidores efetivos do Quadro Geral, da Educa\u00e7\u00e3o e da Sa\u00fade, deste Munic\u00edpio de Pugmil, ainda neste m\u00eas de mar\u00e7o, conforme preconiza a Lei."}, {"id": 501, "ano": 2026, "numero": 2, "tipo__sigla": "REQ", "tipo__descricao": "Requerimento", "autoria__autor__nome": "Raynne Cabral Carneiro", "texto_original": "http://146.190.132.89/sapl/public/materialegislativa/2026/501/requerimento_n_02_raynne_recuperacao_asfaltica.docx", "ementa": "Solicitando que o Poder Executivo possa viabilizar a recupera\u00e7\u00e3o asf\u00e1ltica de diversas ruas do centro de Pugmil, que se encontram em situa\u00e7\u00e3o prec\u00e1ria, bem como concluir o servi\u00e7o de asfaltamento nos setores sul e Bela Vista, pois, h\u00e1 ruas que ainda n\u00e3o receberam a pavimenta\u00e7\u00e3o asf\u00e1ltica."}, {"id": 513, "ano": 2026, "numero": 3, "tipo__sigla": "REQ", "tipo__descricao": "Requerimento", "autoria__autor__nome": "Vanielly Lino de Sousa", "texto_original": "http://146.190.132.89/sapl/public/materialegislativa/2026/513/requerimento_n_3_vanielly__programa_manutencao_ruas.docx", "ementa": "Solicitando que o Poder Executivo institu\u00eddo um programa permanente de manuten\u00e7\u00e3o das vias urbanas."}, {"id": 514, "ano": 2026, "numero": 4, "tipo__sigla": "REQ", "tipo__descricao": "Requerimento", "autoria__autor__nome": "Vanielly Lino de Sousa", "texto_original": "http://146.190.132.89/sapl/public/materialegislativa/2026/514/requerimento_n_4_vanielly_atendimento_odontologico_escolar.docx", "ementa": "Solicitando que o Poder Executivo implante nesta cidade, o Atendimento Odontol\u00f3gico Escolar, beneficiando as crian\u00e7as da rede municipal de educa\u00e7\u00e3o."}, {"id": 515, "ano": 2026, "numero": 5, "tipo__sigla": "REQ", "tipo__descricao": "Requerimento", "autoria__autor__nome": "Vanielly Lino de Sousa", "texto_original": "http://146.190.132.89/sapl/public/materialegislativa/2026/515/requerimento_n_5_vanielly_programa_muncipal_de_capacitacao..docx", "ementa": "Solicitando que o Poder Executivo implante o Programa Municipal de Capacita\u00e7\u00e3o."}, {"id": 516, "ano": 2026, "numero": 6, "tipo__sigla": "REQ", "tipo__descricao": "Requerimento", "autoria__autor__nome": "Vanielly Lino de Sousa", "texto_original": "http://146.190.132.89/sapl/public/materialegislativa/2026/516/requerimento_n_6_convenio_para_policiamento_extra_remunerado.docx", "ementa": "Solicitando que o Poder Executivo estabele\u00e7a com a Policia Militar um convenio denominado: Conv\u00eanio para Policiamento Extra Remunerado."}, {"id": 524, "ano": 2026, "numero": 7, "tipo__sigla": "REQ", "tipo__descricao": "Requerimento", "autoria__autor__nome": "Vanielly Lino de Sousa", "texto_original": "http://146.190.132.89/", "ementa": "Solicitando que o poder executivo estabele\u00e7a a instala\u00e7\u00e3o de C\u00e2maras de Videomonitoramento nas principais ruas de Pugmil."}, {"id": 512, "ano": 2026, "numero": 8, "tipo__sigla": "REQ", "tipo__descricao": "Requerimento", "autoria__autor__nome": "Elmir Oliveira da Silva", "texto_original": "http://146.190.132.89/sapl/public/materialegislativa/2026/512/requerimento_n_8_elmir_pagamento_progressoes.docx", "ementa": "Solicitando que o Poder Executivo viabilize o pagamento das progress\u00f5es horizontais aos servidores do Quadro Geral e do Quadro do Fundo Municipal de Sa\u00fade \u00a0deste munic\u00edpio de Pugmil."}, {"id": 523, "ano": 2026, "numero": 9, "tipo__sigla": "REQ", "tipo__descricao": "Requerimento", "autoria__autor__nome": "Alessandro Ribeiro de S\u00e1", "texto_original": "http://146.190.132.89/", "ementa": "Solicitando que o Poder Executivo viabilize a disponibilidade de um carro fumac\u00ea junto aos \u00f3rg\u00e3os competentes de sa\u00fade do estado, a fim de que seja feita uma pulveriza\u00e7\u00e3o em toda a cidade de Pugmil, a fim de eliminar os mosquitos transmissores e reduzir as incid\u00eancias de doen\u00e7as como a Dengue, Zicav\u00edrus e Chycungunia."}, {"id": 526, "ano": 2026, "numero": 10, "tipo__sigla": "REQ", "tipo__descricao": "Requerimento", "autoria__autor__nome": "Alessandro Ribeiro de S\u00e1", "texto_original": "http://146.190.132.89/", "ementa": "Solicitando que o Poder Executivo viabilize a disponibilidade de uma casa de apoio em Palmas \u2013 Tocantins, a fim de acolher pessoas que v\u00e3o fazer exames ou outros procedimentos de sa\u00fade, inclusive com acompanhantes em nossa comunidade."}, {"id": 527, "ano": 2026, "numero": 11, "tipo__sigla": "REQ", "tipo__descricao": "Requerimento", "autoria__autor__nome": "Marco Antonio de Castro", "texto_original": "http://146.190.132.89/", "ementa": "Solicitando que o mesmo viabilize o pagamento de adicional noturno aos Profissionais da Sa\u00fade, envolvendo todos os cargos que desempenham atividades no per\u00edodo noturno."}, {"id": 528, "ano": 2026, "numero": 12, "tipo__sigla": "REQ", "tipo__descricao": "Requerimento", "autoria__autor__nome": "Marco Antonio de Castro", "texto_original": "http://146.190.132.89/", "ementa": "Solicitando que o mesmo viabilize a designa\u00e7\u00e3o de guarda para atuar no lix\u00e3o, a fim de orientar as pessoas para fazerem o descarte de lixo de forma correta."}, {"id": 525, "ano": 2026, "numero": 13, "tipo__sigla": "REQ", "tipo__descricao": "Requerimento", "autoria__autor__nome": "Vanielly Lino de Sousa", "texto_original": "http://146.190.132.89/", "ementa": "Solicitando que o mesmo viabilize a designa\u00e7\u00e3o de um coveiro fixo para atuar no cemit\u00e9rio local."}, {"id": 537, "ano": 2026, "numero": 14, "tipo__sigla": "REQ", "tipo__descricao": "Requerimento", "autoria__autor__nome": "Aldo Rodrigues Coelho\r\nAlessandro Ribeiro de S\u00e1\r\nBruno Mendes Cutrim\r\nElmir Oliveira da Silva\r\nRaynne Cabral Carneiro\r\nWilliam Pereira Mota", "texto_original": "http://146.190.132.89/sapl/public/materialegislativa/2026/537/requerimento__n_14_elmir_e_outros___refis.docx", "ementa": "Solicitando que o Poder Executivo elabore Projeto de Lei instituindo o REFIS 2026 neste munic\u00edpio de Pugmil \u2013 Tocantins."}, {"id": 538, "ano": 2026, "numero": 16, "tipo__sigla": "REQ", "tipo__descricao": "Requerimento", "autoria__autor__nome": "Aldo Rodrigues Coelho\r\nAlessandro Ribeiro de S\u00e1\r\nBruno Mendes Cutrim\r\nElmir Oliveira da Silva\r\nRaynne Cabral Carneiro\r\nWilliam Pereira Mota", "texto_original": "http://146.190.132.89/", "ementa": "Solicitando que o Poder Executivo,  d\u00ea maior apoio ao TFD - tratamento fora do munic\u00edpio, propiciando  aux\u00edlio financeiro para custear as despesas com alimenta\u00e7\u00e3o dos pacientes e acompanhantes."}, {"id": 539, "ano": 2026, "numero": 19, "tipo__sigla": "REQ", "tipo__descricao": "Requerimento", "autoria__autor__nome": "Aldo Rodrigues Coelho", "texto_original": "http://146.190.132.89/sapl/public/materialegislativa/2026/539/requerimento_n_19_aldo_grades_estadio.docx", "ementa": "Solicitando que seja viabilizada a instala\u00e7\u00e3o de grades de prote\u00e7\u00e3o no Est\u00e1dio Ant\u00f4nio Xup\u00e9."}, {"id": 542, "ano": 2026, "numero": 20, "tipo__sigla": "REQ", "tipo__descricao": "Requerimento", "autoria__autor__nome": "Raynne Cabral Carneiro", "texto_original": "http://146.190.132.89/sapl/public/materialegislativa/2026/542/requerimento_n_20_raynne__reforma_do_cmei.docx", "ementa": "Solicitando que seja realizada a reforma geral do CMEI Creche Maria Ribeiro da Silva."}, {"id": 543, "ano": 2026, "numero": 21, "tipo__sigla": "REQ", "tipo__descricao": "Requerimento", "autoria__autor__nome": "Aldo Rodrigues Coelho\r\nAlessandro Ribeiro de S\u00e1\r\nBruno Mendes Cutrim\r\nElmir Oliveira da Silva\r\nRaynne Cabral Carneiro\r\nWilliam Pereira Mota", "texto_original": "http://146.190.132.89/sapl/public/materialegislativa/2026/543/requerimento_n_21_elmir_e_bancada__quebra_molas_e_sinalizacao_de_ruas.docx", "ementa": "Solicitando que seja providenciada a instala\u00e7\u00e3o de quebra-molas e sinaliza\u00e7\u00e3o tanto vertical quando horizontal nas ruas do centro, e dos setores Oeste, Bela Vista e Sul."}, {"id": 540, "ano": 2026, "numero": 23, "tipo__sigla": "REQ", "tipo__descricao": "Requerimento", "autoria__autor__nome": "Marco Antonio de Castro", "texto_original": "http://146.190.132.89/sapl/public/materialegislativa/2026/540/requerimento_n_23_markim__reforma_ginasio_marcelo_henrique.docx", "ementa": "Solicitando que o Munic\u00edpio juntamente com a Secretaria Municipal de Educa\u00e7\u00e3o, viabilize   a reforma e revitaliza\u00e7\u00e3o do gin\u00e1sio poliesportivo Marcelo Henrique Bispo, instalado nas depend\u00eancias da Escola Municipal Jos\u00e9 Batista Maciel Bastos."}, {"id": 544, "ano": 2026, "numero": 30, "tipo__sigla": "REQ", "tipo__descricao": "Requerimento", "autoria__autor__nome": "Bruno Mendes Cutrim", "texto_original": "http://146.190.132.89/sapl/public/materialegislativa/2026/544/requerimento_n_30_bruno___reforma_do_balneario.docx", "ementa": "Solicitando que seja providenciada a reforma do BALNE\u00c1RIO desta cidade."}, {"id": 550, "ano": 2026, "numero": 31, "tipo__sigla": "REQ", "tipo__descricao": "Requerimento", "autoria__autor__nome": "Aldo Rodrigues Coelho", "texto_original": "http://146.190.132.89/", "ementa": "Solicitando que seja providenciada a conclus\u00e3o da constru\u00e7\u00e3o de CAMPO SOCIETY, ao lado do Campo de Futebol Ant\u00f4nio Xup\u00e9, e que seja dado o nome de: \u201cCAMPO JO\u00c3O BATISTA TAVARES\u201d, o mesmo \u00e9 muito conhecido por \u201cSert\u00e3o\u201d."}, {"id": 551, "ano": 2026, "numero": 37, "tipo__sigla": "REQ", "tipo__descricao": "Requerimento", "autoria__autor__nome": "Raynne Cabral Carneiro", "texto_original": "http://146.190.132.89/sapl/public/materialegislativa/2026/551/requerimento_n_37_raynne_reforma_quaddra_jonas.docx", "ementa": "Solicita que viabilize a reforma e construa cobertura da Quadra Jonas Cabral, situada no Setor Bela Vista, nesta cidade de Pugmil."}, {"id": 536, "ano": 2026, "numero": 1, "tipo__sigla": "IND", "tipo__descricao": "Indica\u00e7\u00e3o", "autoria__autor__nome": "Bruno Mendes Cutrim", "texto_original": "http://146.190.132.89/sapl/public/materialegislativa/2026/536/indicacao__n_1_bruno___ricardo_ayres_emenda_para_energia.docx", "ementa": "Solicita do Deputado Federal RICARDO AYRES, designar uma Emenda Parlamentar, para ajudar no custeio de instala\u00e7\u00e3o de energia el\u00e9trica no Setor Comercial e industrial, situado em frente \u00e0 Rodovia BR 153, nesta cidade de Pugmil."}, {"id": 535, "ano": 2026, "numero": 1, "tipo__sigla": "PLL", "tipo__descricao": "Projeto de Lei do Legislativo", "autoria__autor__nome": "Alessandro Ribeiro de S\u00e1\r\nBruno Mendes Cutrim\r\nRaynne Cabral Carneiro\r\nWilliam Pereira Mota", "texto_original": "http://146.190.132.89/", "ementa": "Disp\u00f5e sobre os crit\u00e9rios para concess\u00e3o de t\u00edtulo de utilidade p\u00fablica municipal, as entidades civis constitu\u00eddas no munic\u00edpio de Pugmil \u2013 TO, e d\u00e1 outras provid\u00eancias."}, {"id": 502, "ano": 2026, "numero": 3, "tipo__sigla": "PLL", "tipo__descricao": "Projeto de Lei do Legislativo", "autoria__autor__nome": "Marco Antonio de Castro", "texto_original": "http://146.190.132.89/sapl/public/materialegislativa/2026/502/projeto_de_lei_do_legislativo__n_01__markim_____utilidade_publica.docx", "ementa": "Reconhece a Associa\u00e7\u00e3o Dojo de Artes Marciais de Pugmil para o Tocantins, como Entidade de Utilidade P\u00fablica Municipal."}, {"id": 494, "ano": 2026, "numero": 1, "tipo__sigla": "ATAO", "tipo__descricao": "Ata da Sess\u00e3o Ordin\u00e1ria", "autoria__autor__nome": null, "texto_original": "http://146.190.132.89/", "ementa": "Ata Eletr\u00f4nica da 1\u00aa Sess\u00e3o Ordin\u00e1ria de 2026 da 2\u00aa Sess\u00e3o Legislativa da 8\u00aa Legislatura - (Ata de N\u00b0 596/2026, 1\u00aa \u00a0Sess\u00e3o ordin\u00e1ria do M\u00eas de Fevereiro de 2026)"}, {"id": 495, "ano": 2026, "numero": 2, "tipo__sigla": "ATAO", "tipo__descricao": "Ata da Sess\u00e3o Ordin\u00e1ria", "autoria__autor__nome": null, "texto_original": "http://146.190.132.89/", "ementa": "Ata Eletr\u00f4nica da 2\u00aa Sess\u00e3o Ordin\u00e1ria de 2026 da 2\u00aa Sess\u00e3o Legislativa da 8\u00aa Legislatura - (Ata de N\u00b0 597/2026, 2\u00aa \u00a0Sess\u00e3o ordin\u00e1ria do M\u00eas de Fevereiro de 2026)"}, {"id": 503, "ano": 2026, "numero": 3, "tipo__sigla": "ATAO", "tipo__descricao": "Ata da Sess\u00e3o Ordin\u00e1ria", "autoria__autor__nome": null, "texto_original": "http://146.190.132.89/", "ementa": "Ata Eletr\u00f4nica da 3\u00aa Sess\u00e3o Ordin\u00e1ria de 2026 da 2\u00aa Sess\u00e3o Legislativa da 8\u00aa Legislatura - (Ata de N\u00b0 598/2026, 3\u00aa  Sess\u00e3o ordin\u00e1ria do M\u00eas de Fevereiro de 2026)"}, {"id": 504, "ano": 2026, "numero": 4, "tipo__sigla": "ATAO", "tipo__descricao": "Ata da Sess\u00e3o Ordin\u00e1ria", "autoria__autor__nome": null, "texto_original": "http://146.190.132.89/", "ementa": "Ata Eletr\u00f4nica da 4\u00aa Sess\u00e3o Ordin\u00e1ria de 2026 da 2\u00aa Sess\u00e3o Legislativa da 8\u00aa Legislatura - (Ata de N\u00b0 599/2026, 4\u00aa  Sess\u00e3o ordin\u00e1ria do M\u00eas de Fevereiro de 2026)"}, {"id": 505, "ano": 2026, "numero": 5, "tipo__sigla": "ATAO", "tipo__descricao": "Ata da Sess\u00e3o Ordin\u00e1ria", "autoria__autor__nome": null, "texto_original": "http://146.190.132.89/", "ementa": "Ata Eletr\u00f4nica da 5\u00aa Sess\u00e3o Ordin\u00e1ria de 2026 da 2\u00aa Sess\u00e3o Legislativa da 8\u00aa Legislatura - (Ata de N\u00b0 600/2026, 5\u00aa Sess\u00e3o ordin\u00e1ria do M\u00eas de Fevereiro de 2026)"}, {"id": 507, "ano": 2026, "numero": 6, "tipo__sigla": "ATAO", "tipo__descricao": "Ata da Sess\u00e3o Ordin\u00e1ria", "autoria__autor__nome": null, "texto_original": "http://146.190.132.89/", "ementa": "Ata Eletr\u00f4nica da 6\u00aa Sess\u00e3o Ordin\u00e1ria de 2026 da 2\u00aa Sess\u00e3o Legislativa da 8\u00aa Legislatura - (Ata de N\u00b0 600/2026, 1\u00aa Sess\u00e3o ordin\u00e1ria do M\u00eas de Mar\u00e7o de 2026)"}, {"id": 517, "ano": 2026, "numero": 7, "tipo__sigla": "ATAO", "tipo__descricao": "Ata da Sess\u00e3o Ordin\u00e1ria", "autoria__autor__nome": null, "texto_original": "http://146.190.132.89/", "ementa": "Ata Eletr\u00f4nica da 7\u00aa Sess\u00e3o Ordin\u00e1ria de 2026 da 2\u00aa Sess\u00e3o Legislativa da 8\u00aa Legislatura - (Ata de N\u00b0 601/2026, 2\u00aa Sess\u00e3o ordin\u00e1ria do M\u00eas de Mar\u00e7o de 2026)"}, {"id": 529, "ano": 2026, "numero": 8, "tipo__sigla": "ATAO", "tipo__descricao": "Ata da Sess\u00e3o Ordin\u00e1ria", "autoria__autor__nome": null, "texto_original": "http://146.190.132.89/", "ementa": "Ata Eletr\u00f4nica da 8\u00aa Sess\u00e3o Ordin\u00e1ria de 2026 da 2\u00aa Sess\u00e3o Legislativa da 8\u00aa Legislatura - (Ata de N\u00b0 603/2026, 3\u00aa Sess\u00e3o ordin\u00e1ria do M\u00eas de Mar\u00e7o de 2026)"}, {"id": 530, "ano": 2026, "numero": 9, "tipo__sigla": "ATAO", "tipo__descricao": "Ata da Sess\u00e3o Ordin\u00e1ria", "autoria__autor__nome": null, "texto_original": "http://146.190.132.89/", "ementa": "Ata Eletr\u00f4nica da 9\u00aa Sess\u00e3o Ordin\u00e1ria de 2026 da 2\u00aa Sess\u00e3o Legislativa da 8\u00aa Legislatura - (Ata de N\u00b0 604/2026, 4\u00aa Sess\u00e3o ordin\u00e1ria do M\u00eas de Mar\u00e7o de 2026)"}, {"id": 531, "ano": 2026, "numero": 10, "tipo__sigla": "ATAO", "tipo__descricao": "Ata da Sess\u00e3o Ordin\u00e1ria", "autoria__autor__nome": null, "texto_original": "http://146.190.132.89/", "ementa": "Ata Eletr\u00f4nica da 10\u00aa Sess\u00e3o Ordin\u00e1ria de 2026 da 2\u00aa Sess\u00e3o Legislativa da 8\u00aa Legislatura - (Ata de N\u00b0 605/2026, 5\u00aa Sess\u00e3o ordin\u00e1ria do M\u00eas de Mar\u00e7o de 2026)"}, {"id": 541, "ano": 2026, "numero": 11, "tipo__sigla": "ATAO", "tipo__descricao": "Ata da Sess\u00e3o Ordin\u00e1ria", "autoria__autor__nome": null, "texto_original": "http://146.190.132.89/", "ementa": "Ata Eletr\u00f4nica da 11\u00aa Sess\u00e3o Ordin\u00e1ria de 2026 da 2\u00aa Sess\u00e3o Legislativa da 8\u00aa Legislatura - (Ata de N\u00b0 606/2026, 1\u00aa Sess\u00e3o ordin\u00e1ria do M\u00eas de abril de 2026)"}, {"id": 549, "ano": 2026, "numero": 12, "tipo__sigla": "ATAO", "tipo__descricao": "Ata da Sess\u00e3o Ordin\u00e1ria", "autoria__autor__nome": null, "texto_original": "http://146.190.132.89/", "ementa": "Ata Eletr\u00f4nica da 12\u00aa Sess\u00e3o Ordin\u00e1ria de 2026 da 2\u00aa Sess\u00e3o Legislativa da 8\u00aa Legislatura - (Ata de N\u00b0 607/2026, 2\u00aa Sess\u00e3o ordin\u00e1ria do M\u00eas de abril de 2026)"}, {"id": 496, "ano": 2026, "numero": 20, "tipo__sigla": "OFIC", "tipo__descricao": "Oficio", "autoria__autor__nome": "ANGELO MARIO PEREIRA ALVES", "texto_original": "http://146.190.132.89/sapl/public/materialegislativa/2026/496/oficio-20-2026.pdf", "ementa": "Indica\u00e7\u00e3o na qualidade de L\u00edder do Prefeito, o vereador Alessandro Pereira de S\u00e1."}, {"id": 497, "ano": 2026, "numero": 21, "tipo__sigla": "OFIC", "tipo__descricao": "Oficio", "autoria__autor__nome": "ANGELO MARIO PEREIRA ALVES", "texto_original": "http://146.190.132.89/sapl/public/materialegislativa/2026/497/oficio-21-2026.pdf", "ementa": "Indica\u00e7\u00e3o na qualidade de L\u00edder de Bancada, o vereador Aldo Rodrigues Coelho."}, {"id": 498, "ano": 2026, "numero": 22, "tipo__sigla": "OFIC", "tipo__descricao": "Oficio", "autoria__autor__nome": "ANGELO MARIO PEREIRA ALVES", "texto_original": "http://146.190.132.89/sapl/public/materialegislativa/2026/498/oficio-22-2026.pdf", "ementa": "Indica\u00e7\u00e3o na qualidade de L\u00edder do Uni\u00e3o Brasil, o vereador Willian Pereira da Mota."}, {"id": 499, "ano": 2026, "numero": 23, "tipo__sigla": "OFIC", "tipo__descricao": "Oficio", "autoria__autor__nome": "ANGELO MARIO PEREIRA ALVES", "texto_original": "http://146.190.132.89/sapl/public/materialegislativa/2026/499/oficio-23-2026.pdf", "ementa": "Indica\u00e7\u00e3o na qualidade de L\u00edder do PL, o vereador Elmir oliveira da Silva."}]}