{"headers": {"id": "ID", "ano": "Ano", "numero": "N\u00famero", "tipo__sigla": "Tipo de Mat\u00e9ria Legislativa/Sigla", "tipo__descricao": "Tipo de Mat\u00e9ria Legislativa/Descri\u00e7\u00e3o", "autoria__autor__nome": "Autorias/Autor/Nome do Autor", "texto_original": "Texto Original", "ementa": "Ementa"}, "results": [{"id": 28, "ano": 2025, "numero": 1, "tipo__sigla": "PLO", "tipo__descricao": "Projeto de Lei Executivo", "autoria__autor__nome": "ANGELO MARIO PEREIRA ALVES", "texto_original": "http://146.190.132.89/sapl/public/materialegislativa/2025/28/projeto_de_lei_n_001-2025.pdf", "ementa": "Cria o Conselho Municipal dos Direitos da Mulher de Pugmil - e d\u00e1 outras provid\u00eancias."}, {"id": 36, "ano": 2025, "numero": 7, "tipo__sigla": "PLO", "tipo__descricao": "Projeto de Lei Executivo", "autoria__autor__nome": "ANGELO MARIO PEREIRA ALVES", "texto_original": "http://146.190.132.89/sapl/public/materialegislativa/2025/36/projeto_de_lei_07_executivo_aprovado20250319_09180391.pdf", "ementa": "DISP\u00d5E SOBRE A IMPLEMENTA\u00c7\u00c3O DE PROGRAMA DE ALFABETIZA\u00c7\u00c3O \u201cAGORA \u00c9 A MINHA VEZ, VOU APRENDER A LER\u201d D\u00c1 OUTRAS PROVID\u00caNCIAS."}, {"id": 37, "ano": 2025, "numero": 8, "tipo__sigla": "PLO", "tipo__descricao": "Projeto de Lei Executivo", "autoria__autor__nome": "ANGELO MARIO PEREIRA ALVES", "texto_original": "http://146.190.132.89/sapl/public/materialegislativa/2025/37/projeto_de_lei_08_executivo_aprovado20250319_09341100.pdf", "ementa": "Disp\u00f5e sobre a Revis\u00e3o Geral Anual dos proventos dos profissionais da educa\u00e7\u00e3o b\u00e1sica do Poder Executivo do Munic\u00edpio de Pugmil \u2013 TO, e adota outras provid\u00eancias."}, {"id": 38, "ano": 2025, "numero": 9, "tipo__sigla": "PLO", "tipo__descricao": "Projeto de Lei Executivo", "autoria__autor__nome": "ANGELO MARIO PEREIRA ALVES", "texto_original": "http://146.190.132.89/sapl/public/materialegislativa/2025/38/projeto_de_lei_09_executivo_aprovado20250319_09261065.pdf", "ementa": "Disp\u00f5e sobre a Revis\u00e3o Geral Anual dos proventos dos servidores Quadro Geral do munic\u00edpio de Pugmil - TO, e adota outras provid\u00eancias."}, {"id": 39, "ano": 2025, "numero": 10, "tipo__sigla": "PLO", "tipo__descricao": "Projeto de Lei Executivo", "autoria__autor__nome": "ANGELO MARIO PEREIRA ALVES", "texto_original": "http://146.190.132.89/sapl/public/materialegislativa/2025/39/projeto_de_lei_10_executivo_aprovado20250319_09364406.pdf", "ementa": "Disp\u00f5e sobre a Revis\u00e3o Geral Anual dos proventos dos trabalhadores da sa\u00fade do munic\u00edpio de Pugmil, e adota outras provid\u00eancias."}, {"id": 339, "ano": 2025, "numero": 16, "tipo__sigla": "PLO", "tipo__descricao": "Projeto de Lei Executivo", "autoria__autor__nome": "ANGELO MARIO PEREIRA ALVES", "texto_original": "http://146.190.132.89/sapl/public/materialegislativa/2025/339/projeto_de_lei_n_016-2025.pdf", "ementa": "\u201cAltera o Anexo \u00danico da Lei Municipal n\u00ba 410/2024 e d\u00e1 outras provid\u00eancias\u201d"}, {"id": 353, "ano": 2025, "numero": 17, "tipo__sigla": "PLO", "tipo__descricao": "Projeto de Lei Executivo", "autoria__autor__nome": "ANGELO MARIO PEREIRA ALVES", "texto_original": "http://146.190.132.89/sapl/public/materialegislativa/2025/353/projeto_de_lei_n_017-2025.pdf", "ementa": "\u201cAltera a Estrutura Administrativa do Poder Executivo do Munic\u00edpio de Pugmil-TO constante nas Leis n\u00ba 243/2017 e 398/2024 e alterando a nomenclatura de Secretaria Municipal, dando, ainda, outras provid\u00eancias\u201d."}, {"id": 354, "ano": 2025, "numero": 18, "tipo__sigla": "PLO", "tipo__descricao": "Projeto de Lei Executivo", "autoria__autor__nome": "ANGELO MARIO PEREIRA ALVES", "texto_original": "http://146.190.132.89/sapl/public/materialegislativa/2025/354/projeto_o_execultivo_18_202520250616_11075693.pdf", "ementa": "Institui a Pol\u00edtica Municipal de Educa\u00e7\u00e3o Integral em Tempo Integral no Munic\u00edpio de Pugmil \u2013 TO e d\u00e1 outras provid\u00eancias."}, {"id": 360, "ano": 2025, "numero": 19, "tipo__sigla": "PLO", "tipo__descricao": "Projeto de Lei Executivo", "autoria__autor__nome": "ANGELO MARIO PEREIRA ALVES", "texto_original": "http://146.190.132.89/sapl/public/materialegislativa/2025/360/projeto_o_execultivo_19_202520250616_11082685.pdf", "ementa": "Autoriza a aliena\u00e7\u00e3o de bens m\u00f3veis usados e sucatas inserv\u00edveis e d\u00e1 outras provid\u00eancias."}, {"id": 367, "ano": 2025, "numero": 20, "tipo__sigla": "PLO", "tipo__descricao": "Projeto de Lei Executivo", "autoria__autor__nome": "ANGELO MARIO PEREIRA ALVES", "texto_original": "http://146.190.132.89/sapl/public/materialegislativa/2025/367/projeto_de_lei_020-2025.pdf", "ementa": "ALTERA PPA/LDO/LOA PARA O EXERCICIO FINANCEIRO DE 2025 E AUTORIZA ABERTURA DE CR\u00c9DITO ADICIONAL SUPLEMENTAR."}, {"id": 374, "ano": 2025, "numero": 21, "tipo__sigla": "PLO", "tipo__descricao": "Projeto de Lei Executivo", "autoria__autor__nome": "ANGELO MARIO PEREIRA ALVES", "texto_original": "http://146.190.132.89/sapl/public/materialegislativa/2025/374/projeto_excultivo_21_20250902_11215587.pdf", "ementa": "\"Disp\u00f5e sobre a transi\u00e7\u00e3o e o reenquadramento de servidores p\u00fablicos efetivos entre planos de cargos e carreiras da Administra\u00e7\u00e3o P\u00fablica Municipal e d\u00e1 outras provid\u00eancias.\""}, {"id": 375, "ano": 2025, "numero": 22, "tipo__sigla": "PLO", "tipo__descricao": "Projeto de Lei Executivo", "autoria__autor__nome": "ANGELO MARIO PEREIRA ALVES", "texto_original": "http://146.190.132.89/sapl/public/materialegislativa/2025/375/projeto_excultivo_22_20250902_11224503.pdf", "ementa": "Altera a Lei 05 de 02 de junho de 2003 que disp\u00f5e sobre o Estatuto dos Servidores P\u00fablicos de Pugmil \u2013 TO e d\u00e1 outras provid\u00eancias"}, {"id": 376, "ano": 2025, "numero": 23, "tipo__sigla": "PLO", "tipo__descricao": "Projeto de Lei Executivo", "autoria__autor__nome": "ANGELO MARIO PEREIRA ALVES", "texto_original": "http://146.190.132.89/sapl/public/materialegislativa/2025/376/projeto_excultivo_2320250902_11232275.pdf", "ementa": "\u201cAltera o Anexo l da Lei 243, de 18 de dezembro de 2017 que disp\u00f5e sobre a organiza\u00e7\u00e3o da Estrutura Administrativa do Poder Executivo do Munic\u00edpio de Pugmil e d\u00e1 outras provid\u00eancias\u201d."}, {"id": 395, "ano": 2025, "numero": 24, "tipo__sigla": "PLO", "tipo__descricao": "Projeto de Lei Executivo", "autoria__autor__nome": "ANGELO MARIO PEREIRA ALVES", "texto_original": "http://146.190.132.89/sapl/public/materialegislativa/2025/395/projeto_de_lei_n_024-2025.pdf", "ementa": "PRORROGA A VIG\u00caNCIA DO PLANO MUNICIPAL DE EDUCA\u00c7\u00c3O (PME) APROVADO PELA LEI MUNICIPAL N\u00ba 189, DE 23 DE JUNHO DE 2015, E D\u00c1 OUTRAS PROVID\u00caNCIAS"}, {"id": 347, "ano": 2025, "numero": 1, "tipo__sigla": "PDL", "tipo__descricao": "Projeto de Decreto Legislativo", "autoria__autor__nome": "Aldo Rodrigues Coelho\r\nAlessandro Ribeiro de S\u00e1\r\nBruno Mendes Cutrim\r\nC\u00e2mara Municipal de Pugmil/TO - CAM\r\nElmir Oliveira da Silva", "texto_original": "http://146.190.132.89/sapl/public/materialegislativa/2025/347/projeto_de_decreto_legislativo_n_001_de_13_de_maio_de_2025.pdf", "ementa": "Disp\u00f5e sobre a constitui\u00e7\u00e3o da Comiss\u00e3o Especial de Vereadores de Pugmil \u2013 Tocantins, para participar da XXVI Marcha em Defesa dos Munic\u00edpios em Bras\u00edlia \u2013 DF., e d\u00e1 outras provid\u00eancias."}, {"id": 349, "ano": 2025, "numero": 2, "tipo__sigla": "PDL", "tipo__descricao": "Projeto de Decreto Legislativo", "autoria__autor__nome": "C\u00e2mara Municipal de Pugmil/TO - CAM", "texto_original": "http://146.190.132.89/", "ementa": "Disp\u00f5e sobre a constitui\u00e7\u00e3o da Comiss\u00e3o Especial de Vereadores de Pugmil \u2013 Tocantins, para participar da XXVI Marcha em Defesa dos Munic\u00edpios em Bras\u00edlia \u2013 DF., e d\u00e1 outras provid\u00eancias."}, {"id": 440, "ano": 2025, "numero": 1, "tipo__sigla": "PRES", "tipo__descricao": "Projeto de Resolu\u00e7\u00e3o", "autoria__autor__nome": "Aldo Rodrigues Coelho\r\nAlessandro Ribeiro de S\u00e1\r\nBruno Mendes Cutrim\r\nElmir Oliveira da Silva\r\nFabiano Peixoto Cardoso\r\nMarco Antonio de Castro\r\nRaynne Cabral Carneiro\r\nVanielly Lino de Sousa\r\nWilliam Pereira Mota", "texto_original": "http://146.190.132.89/sapl/public/materialegislativa/2025/440/projeto_de_resolucao_n_01-2025.pdf", "ementa": "Disp\u00f5e sobre Emenda Aditiva \u00e0 Resolu\u00e7\u00e3o n\u00b0 06/2024 - Autoriza o Poder Legislativo Municipal a firmar Conv\u00eanio com a Cooperativa de Cr\u00e9dito de Livre Admiss\u00e3o do Tocantins CNPJ: 26.960.328/0001-43 e d\u00e1 outras provid\u00eancias."}, {"id": 438, "ano": 2025, "numero": 2, "tipo__sigla": "PRES", "tipo__descricao": "Projeto de Resolu\u00e7\u00e3o", "autoria__autor__nome": "Aldo Rodrigues Coelho\r\nAlessandro Ribeiro de S\u00e1\r\nBruno Mendes Cutrim\r\nElmir Oliveira da Silva", "texto_original": "http://146.190.132.89/sapl/public/materialegislativa/2025/438/projeto_de_resolucao_n_002-2025.pdf", "ementa": "Institui o Di\u00e1rio Oficial Eletr\u00f4nico da C\u00e2mara Municipal de Pugmil, Estado do Tocantins, como meio oficial de comunica\u00e7\u00e3o, publicidade e divulga\u00e7\u00e3o dos atos do Poder Legislativo e d\u00e1 outras provid\u00eancias."}, {"id": 350, "ano": 2025, "numero": 3, "tipo__sigla": "PRES", "tipo__descricao": "Projeto de Resolu\u00e7\u00e3o", "autoria__autor__nome": "Alessandro Ribeiro de S\u00e1", "texto_original": "http://146.190.132.89/sapl/public/materialegislativa/2025/350/projeto_de_resolucao_03_202520250616_11062089.pdf", "ementa": "Disp\u00f5e sobre folga do servidor no dia do seu anivers\u00e1rio e d\u00e1 outras provid\u00eancias."}, {"id": 475, "ano": 2025, "numero": 1, "tipo__sigla": "PAR", "tipo__descricao": "Parecer de Comiss\u00e3o", "autoria__autor__nome": "CCJR - Comiss\u00e3o de Constitui\u00e7\u00e3o, Justi\u00e7a e Reda\u00e7\u00e3o\r\nCOUSAP - Comiss\u00e3o de Obras P\u00fablicas, Urbanismo, Servi\u00e7os P\u00fablicos e Atividades Privadas", "texto_original": "http://146.190.132.89/sapl/public/materialegislativa/2025/475/parecer_de_comissao_-_projeto_de_lei_n_001-2025.pdf", "ementa": "Parecer referente ao Projeto de Lei n\u00b0 001/2025, que \"Cria o Conselho Municipal de Pol\u00edticas P\u00fablicas da Mulher e d\u00e1 outras provid\u00eancias.\""}, {"id": 476, "ano": 2025, "numero": 2, "tipo__sigla": "PAR", "tipo__descricao": "Parecer de Comiss\u00e3o", "autoria__autor__nome": "CCJR - Comiss\u00e3o de Constitui\u00e7\u00e3o, Justi\u00e7a e Reda\u00e7\u00e3o", "texto_original": "http://146.190.132.89/sapl/public/materialegislativa/2025/476/parecer_de_comissao_-_projeto_de_lei_municipal_n_002-2025.pdf", "ementa": "Parecer referente ao Projeto de Lei n\u00b0 002/2025, que \"Delega a compet\u00eancia de ordenador de despesas no \u00e2mbito do Poder Executivo de Pugmil - TO aos Secret\u00e1rios Municipais Gestores de Fundos Municipais e d\u00e1 outras provid\u00eancias.\""}, {"id": 477, "ano": 2025, "numero": 3, "tipo__sigla": "PAR", "tipo__descricao": "Parecer de Comiss\u00e3o", "autoria__autor__nome": "CCJR - Comiss\u00e3o de Constitui\u00e7\u00e3o, Justi\u00e7a e Reda\u00e7\u00e3o\r\nCFOTC - Comiss\u00e3o de Finan\u00e7as, Or\u00e7amento, Tributa\u00e7\u00e3o, Fiscaliza\u00e7\u00e3o e Controle", "texto_original": "http://146.190.132.89/sapl/public/materialegislativa/2025/477/parecer_de_comissao_-_projeto_de_lei_n_003-2025.pdf", "ementa": "Parecer referente ao Projeto de Lei n\u00b0 003/2025, que \"Altera o Anexo I da Lei 243, de 18 de dezembro de 2017 que disp\u00f5e sobre a organiza\u00e7\u00e3o da Estrutura Administrativa do Poder Executivo do Munic\u00edpio de Pugmil e d\u00e1 outras provid\u00eancias..\""}, {"id": 478, "ano": 2025, "numero": 4, "tipo__sigla": "PAR", "tipo__descricao": "Parecer de Comiss\u00e3o", "autoria__autor__nome": "CCJR - Comiss\u00e3o de Constitui\u00e7\u00e3o, Justi\u00e7a e Reda\u00e7\u00e3o\r\nCFOTC - Comiss\u00e3o de Finan\u00e7as, Or\u00e7amento, Tributa\u00e7\u00e3o, Fiscaliza\u00e7\u00e3o e Controle", "texto_original": "http://146.190.132.89/sapl/public/materialegislativa/2025/478/parecer_de_comissao_-_projeto_de_lei_n_004-2025.pdf", "ementa": "Parecer referente ao Projeto de Lei n\u00b0 004/2025, que \"Altera o Anexo \u00danico da Lei Municipal n\u00b0 410/2024 e d\u00e1 outras provid\u00eancias.\""}, {"id": 479, "ano": 2025, "numero": 5, "tipo__sigla": "PAR", "tipo__descricao": "Parecer de Comiss\u00e3o", "autoria__autor__nome": "CCJR - Comiss\u00e3o de Constitui\u00e7\u00e3o, Justi\u00e7a e Reda\u00e7\u00e3o\r\nCOUSAP - Comiss\u00e3o de Obras P\u00fablicas, Urbanismo, Servi\u00e7os P\u00fablicos e Atividades Privadas", "texto_original": "http://146.190.132.89/sapl/public/materialegislativa/2025/479/parecer_as_comissoes_-_projeto_de_lei_do_legislativo_n_01-2025.pdf", "ementa": "Parecer referente ao Projeto de Lei do Legislativo n\u00b0 001/2025, que \"Disp\u00f5e sobre o controle da polui\u00e7\u00e3o sonora e os limites m\u00e1ximos de intensidade da emiss\u00e3o de sons e ru\u00eddos resultantes de atividades urbanas e rurais no munic\u00edpio de Pugmil - Tocantins.\""}, {"id": 461, "ano": 2025, "numero": 6, "tipo__sigla": "PAR", "tipo__descricao": "Parecer de Comiss\u00e3o", "autoria__autor__nome": "CCJR - Comiss\u00e3o de Constitui\u00e7\u00e3o, Justi\u00e7a e Reda\u00e7\u00e3o\r\nCFOTC - Comiss\u00e3o de Finan\u00e7as, Or\u00e7amento, Tributa\u00e7\u00e3o, Fiscaliza\u00e7\u00e3o e Controle", "texto_original": "http://146.190.132.89/sapl/public/materialegislativa/2025/461/parecer_das_comissoes_projeto_de_lei_05_executivo_aprovado20250319_09302113.pdf", "ementa": "Parecer referente ao Projeto de Lei n\u00b0 005/2025, que \"Altera PPA/LDO/LOA para o exerc\u00edcio financeiro de 2025 e autoriza abertura de cr\u00e9dito adicional suplementar.\""}, {"id": 464, "ano": 2025, "numero": 7, "tipo__sigla": "PAR", "tipo__descricao": "Parecer de Comiss\u00e3o", "autoria__autor__nome": "CCJR - Comiss\u00e3o de Constitui\u00e7\u00e3o, Justi\u00e7a e Reda\u00e7\u00e3o\r\nCECDSA - Comiss\u00e3o de Educa\u00e7\u00e3o, Ci\u00eancias, Comunica\u00e7\u00e3o, Cultura, Desporto, Sa\u00fade e Assist\u00eancia Social", "texto_original": "http://146.190.132.89/sapl/public/materialegislativa/2025/464/parecer_das_comissoes_projeto_de_lei_06_executivo_aprovado20250319_09113127.pdf", "ementa": "Parecer referente ao Projeto de Lei n\u00b0 006/2025, que \"Institui a Pol\u00edtica Municipal de Alfabetiza\u00e7\u00e3o no Ensino Fundamental e d\u00e1 outras provid\u00eancias.\""}, {"id": 462, "ano": 2025, "numero": 8, "tipo__sigla": "PAR", "tipo__descricao": "Parecer de Comiss\u00e3o", "autoria__autor__nome": "CCJR - Comiss\u00e3o de Constitui\u00e7\u00e3o, Justi\u00e7a e Reda\u00e7\u00e3o\r\nCECDSA - Comiss\u00e3o de Educa\u00e7\u00e3o, Ci\u00eancias, Comunica\u00e7\u00e3o, Cultura, Desporto, Sa\u00fade e Assist\u00eancia Social", "texto_original": "http://146.190.132.89/sapl/public/materialegislativa/2025/462/parecer_das_comissoes_projeto_de_lei_07_executivo_aprovado20250319_09184673.pdf", "ementa": "Parecer referente ao Projeto de Lei n\u00b0 007/2025, que \"Disp\u00f5e sobre a implementa\u00e7\u00e3o de Programa de Alfabetiza\u00e7\u00e3o \"Agora \u00e9 a minha vez, vou aprender a ler\" d\u00e1 outras provid\u00eancias.\""}, {"id": 460, "ano": 2025, "numero": 9, "tipo__sigla": "PAR", "tipo__descricao": "Parecer de Comiss\u00e3o", "autoria__autor__nome": "CCJR - Comiss\u00e3o de Constitui\u00e7\u00e3o, Justi\u00e7a e Reda\u00e7\u00e3o\r\nCFOTC - Comiss\u00e3o de Finan\u00e7as, Or\u00e7amento, Tributa\u00e7\u00e3o, Fiscaliza\u00e7\u00e3o e Controle", "texto_original": "http://146.190.132.89/sapl/public/materialegislativa/2025/460/parecer_das_comissoes_projeto_de_lei_08_executivo_aprovado20250319_09213185.pdf", "ementa": "Parecer referente ao Projeto de Lei n\u00b0 008/2025, que \"Disp\u00f5e sobre a Revis\u00e3o Geral Anual dos proventos dos profissionais da educa\u00e7\u00e3o b\u00e1sica do Poder Executivo do munic\u00edpio de Pugmil - TO, e adota outras provid\u00eancias.\""}, {"id": 459, "ano": 2025, "numero": 10, "tipo__sigla": "PAR", "tipo__descricao": "Parecer de Comiss\u00e3o", "autoria__autor__nome": "CCJR - Comiss\u00e3o de Constitui\u00e7\u00e3o, Justi\u00e7a e Reda\u00e7\u00e3o\r\nCFOTC - Comiss\u00e3o de Finan\u00e7as, Or\u00e7amento, Tributa\u00e7\u00e3o, Fiscaliza\u00e7\u00e3o e Controle", "texto_original": "http://146.190.132.89/sapl/public/materialegislativa/2025/459/parecer_das_comissoes_projeto_de_lei_09_executivo_aprovado20250319_09264697.pdf", "ementa": "Parecer referente ao Projeto de Lei n\u00b0 009/2025, que \"Disp\u00f5e sobre a Revis\u00e3o Geral Anual dos proventos dos servidores Quadro Geral do munic\u00edpio de Pugmil - TO,  e adota outras provid\u00eancias.\""}, {"id": 463, "ano": 2025, "numero": 11, "tipo__sigla": "PAR", "tipo__descricao": "Parecer de Comiss\u00e3o", "autoria__autor__nome": "CCJR - Comiss\u00e3o de Constitui\u00e7\u00e3o, Justi\u00e7a e Reda\u00e7\u00e3o\r\nCFOTC - Comiss\u00e3o de Finan\u00e7as, Or\u00e7amento, Tributa\u00e7\u00e3o, Fiscaliza\u00e7\u00e3o e Controle", "texto_original": "http://146.190.132.89/sapl/public/materialegislativa/2025/463/parecer_das_comissoesprojeto_de_lei_10_executivo_aprovado20250319_09372484.pdf", "ementa": "Parecer referente ao Projeto de Lei n\u00b0 010/2025, que \"Disp\u00f5e sobre a Revis\u00e3o Geral Anual dos proventos dos trabalhadores da sa\u00fade do munic\u00edpio de Pugmil - TO, e adota outras provid\u00eancias.\""}, {"id": 433, "ano": 2025, "numero": 12, "tipo__sigla": "PAR", "tipo__descricao": "Parecer de Comiss\u00e3o", "autoria__autor__nome": "CCJR - Comiss\u00e3o de Constitui\u00e7\u00e3o, Justi\u00e7a e Reda\u00e7\u00e3o\r\nCECDSA - Comiss\u00e3o de Educa\u00e7\u00e3o, Ci\u00eancias, Comunica\u00e7\u00e3o, Cultura, Desporto, Sa\u00fade e Assist\u00eancia Social", "texto_original": "http://146.190.132.89/sapl/public/materialegislativa/2025/433/parecer_de_comissao_12-2025.pdf", "ementa": "Parecer referente ao Projeto de Lei n\u00b0 011/2025, que \"Altera a Lei Municipal n\u00b0 383 de 11 de dezembro de 2023 que disp\u00f5e sobre o sistema municipal de cultura do munic\u00edpio de Pugmil - TO, cria o Conselho Municipal e d\u00e1 outras provid\u00eancias.\""}, {"id": 434, "ano": 2025, "numero": 13, "tipo__sigla": "PAR", "tipo__descricao": "Parecer de Comiss\u00e3o", "autoria__autor__nome": "CCJR - Comiss\u00e3o de Constitui\u00e7\u00e3o, Justi\u00e7a e Reda\u00e7\u00e3o\r\nCFOTC - Comiss\u00e3o de Finan\u00e7as, Or\u00e7amento, Tributa\u00e7\u00e3o, Fiscaliza\u00e7\u00e3o e Controle", "texto_original": "http://146.190.132.89/sapl/public/materialegislativa/2025/434/parecer_de_comissao_13-2025.pdf", "ementa": "Parecer referente ao Projeto de Lei n\u00b0 012/2025, que \"Altera os anexos I e II da Lei 243, de 18 de dezembro de 2017, que disp\u00f5e sobre a organiza\u00e7\u00e3o da Estrutura Administrativa do Poder Executivo do Munic\u00edpio de Pugmil e d\u00e1 outras provid\u00eancias.\""}, {"id": 435, "ano": 2025, "numero": 14, "tipo__sigla": "PAR", "tipo__descricao": "Parecer de Comiss\u00e3o", "autoria__autor__nome": "CCJR - Comiss\u00e3o de Constitui\u00e7\u00e3o, Justi\u00e7a e Reda\u00e7\u00e3o\r\nCFOTC - Comiss\u00e3o de Finan\u00e7as, Or\u00e7amento, Tributa\u00e7\u00e3o, Fiscaliza\u00e7\u00e3o e Controle", "texto_original": "http://146.190.132.89/sapl/public/materialegislativa/2025/435/parecer_de_comissao_14-2025.pdf", "ementa": "Parecer referente ao Projeto de Lei n\u00b0 013/2025, que \"Altera o anexo \u00fanico da Lei Municipal n\u00b0 410/2024 e d\u00e1 outras provid\u00eancias.\""}, {"id": 436, "ano": 2025, "numero": 15, "tipo__sigla": "PAR", "tipo__descricao": "Parecer de Comiss\u00e3o", "autoria__autor__nome": "CCJR - Comiss\u00e3o de Constitui\u00e7\u00e3o, Justi\u00e7a e Reda\u00e7\u00e3o\r\nCFOTC - Comiss\u00e3o de Finan\u00e7as, Or\u00e7amento, Tributa\u00e7\u00e3o, Fiscaliza\u00e7\u00e3o e Controle", "texto_original": "http://146.190.132.89/sapl/public/materialegislativa/2025/436/parecer_de_comissao_15-2025.pdf", "ementa": "Parecer referente ao Projeto de Lei n\u00b0 014/2025, que \"Disp\u00f5e sobre a cria\u00e7\u00e3o da Tabela 5 - Grupo 3: T\u00e9cnico de Enfermagem - 40 horas, como anexo da Lei Municipal n\u00b0 388, de 22 de dezembro de 2023 e d\u00e1 outras provid\u00eancias.\""}, {"id": 470, "ano": 2025, "numero": 16, "tipo__sigla": "PAR", "tipo__descricao": "Parecer de Comiss\u00e3o", "autoria__autor__nome": "CCJR - Comiss\u00e3o de Constitui\u00e7\u00e3o, Justi\u00e7a e Reda\u00e7\u00e3o\r\nCFOTC - Comiss\u00e3o de Finan\u00e7as, Or\u00e7amento, Tributa\u00e7\u00e3o, Fiscaliza\u00e7\u00e3o e Controle", "texto_original": "http://146.190.132.89/sapl/public/materialegislativa/2025/470/parecer_de_comissao_-_projeto_de_lei_n_015-2025.pdf", "ementa": "Parecer referente ao Projeto de Lei n\u00b0 015/2025, que \"Ratifica o Protocola de Inten\u00e7\u00f5es e autoriza o ingressa do munic\u00edpio de Pugmil em Cons\u00f3rcio Intermunicipal, e d\u00e1 outras provid\u00eancias.\""}, {"id": 419, "ano": 2025, "numero": 17, "tipo__sigla": "PAR", "tipo__descricao": "Parecer de Comiss\u00e3o", "autoria__autor__nome": "CCJR - Comiss\u00e3o de Constitui\u00e7\u00e3o, Justi\u00e7a e Reda\u00e7\u00e3o\r\nCFOTC - Comiss\u00e3o de Finan\u00e7as, Or\u00e7amento, Tributa\u00e7\u00e3o, Fiscaliza\u00e7\u00e3o e Controle", "texto_original": "http://146.190.132.89/sapl/public/materialegislativa/2025/419/parecer_das_comissoes_n_17-2025.pdf", "ementa": "Parecer referente ao Projeto de Decreto Legislativo n\u00b0 001, de 13 de maio de 2025, que \"Disp\u00f5e sobre a constitui\u00e7\u00e3o da Comiss\u00e3o Especial de Vereadores de Pugmil - Tocantins, para participar da XXVI Marcha em Defesa dos Munic\u00edpios em Bras\u00edlia - DF, e d\u00e1 outras provid\u00eancias.\""}, {"id": 473, "ano": 2025, "numero": 18, "tipo__sigla": "PAR", "tipo__descricao": "Parecer de Comiss\u00e3o", "autoria__autor__nome": "CCJR - Comiss\u00e3o de Constitui\u00e7\u00e3o, Justi\u00e7a e Reda\u00e7\u00e3o\r\nCOUSAP - Comiss\u00e3o de Obras P\u00fablicas, Urbanismo, Servi\u00e7os P\u00fablicos e Atividades Privadas", "texto_original": "http://146.190.132.89/sapl/public/materialegislativa/2025/473/parecer_projeto_de_resolucao_03_202520250616_11005261.pdf", "ementa": "Parecer referente ao Projeto de Resolu\u00e7\u00e3o n\u00b0 003/2025, que \u201cDisp\u00f5e sobre folga do servidor no dia do seu anivers\u00e1rio e d\u00e1 outras provid\u00eancias\u201d."}, {"id": 471, "ano": 2025, "numero": 19, "tipo__sigla": "PAR", "tipo__descricao": "Parecer de Comiss\u00e3o", "autoria__autor__nome": "CCJR - Comiss\u00e3o de Constitui\u00e7\u00e3o, Justi\u00e7a e Reda\u00e7\u00e3o\r\nCFOTC - Comiss\u00e3o de Finan\u00e7as, Or\u00e7amento, Tributa\u00e7\u00e3o, Fiscaliza\u00e7\u00e3o e Controle", "texto_original": "http://146.190.132.89/sapl/public/materialegislativa/2025/471/parecer_projeto_do_execultivo_1720250616_11030147.pdf", "ementa": "Parecer referente ao Projeto de Lei n\u00b0 017/2025, que \u201cAltera a Estrutura Administrativa do Poder Executivo do Munic\u00edpio de Pugmil-TO constante nas Leis n\u00ba 243/2017 e 398/2024 e alterando a nomenclatura de Secretaria Municipal, dando, ainda, outras provid\u00eancias\u201d."}, {"id": 472, "ano": 2025, "numero": 20, "tipo__sigla": "PAR", "tipo__descricao": "Parecer de Comiss\u00e3o", "autoria__autor__nome": "CCJR - Comiss\u00e3o de Constitui\u00e7\u00e3o, Justi\u00e7a e Reda\u00e7\u00e3o\r\nCECDSA - Comiss\u00e3o de Educa\u00e7\u00e3o, Ci\u00eancias, Comunica\u00e7\u00e3o, Cultura, Desporto, Sa\u00fade e Assist\u00eancia Social", "texto_original": "http://146.190.132.89/sapl/public/materialegislativa/2025/472/parecer_projeto_do_execultivo_1820250616_11033191.pdf", "ementa": "Parecer referente ao Projeto de Lei n\u00b0 018/2025, que \u201cInstitui a Pol\u00edtica Municipal de Educa\u00e7\u00e3o Integral em Tempo Integral no Munic\u00edpio de Pugmil - TO e d\u00e1 outras provid\u00eancias\u201d."}, {"id": 474, "ano": 2025, "numero": 21, "tipo__sigla": "PAR", "tipo__descricao": "Parecer de Comiss\u00e3o", "autoria__autor__nome": "CCJR - Comiss\u00e3o de Constitui\u00e7\u00e3o, Justi\u00e7a e Reda\u00e7\u00e3o\r\nCFOTC - Comiss\u00e3o de Finan\u00e7as, Or\u00e7amento, Tributa\u00e7\u00e3o, Fiscaliza\u00e7\u00e3o e Controle", "texto_original": "http://146.190.132.89/sapl/public/materialegislativa/2025/474/parecer_projeto_do_execultivo_2020250616_11050132.pdf", "ementa": "Parecer referente ao Projeto de Lei n\u00b0 019/2025, que \u201cAutoriza a aliena\u00e7\u00e3o de bens m\u00f3veis usados e sucatas inserv\u00edveis e d\u00e1 outras provid\u00eancias\u201d."}, {"id": 420, "ano": 2025, "numero": 22, "tipo__sigla": "PAR", "tipo__descricao": "Parecer de Comiss\u00e3o", "autoria__autor__nome": "CCJR - Comiss\u00e3o de Constitui\u00e7\u00e3o, Justi\u00e7a e Reda\u00e7\u00e3o\r\nCOUSAP - Comiss\u00e3o de Obras P\u00fablicas, Urbanismo, Servi\u00e7os P\u00fablicos e Atividades Privadas", "texto_original": "http://146.190.132.89/sapl/public/materialegislativa/2025/420/parecer_das_comissoes_n_22-2025.pdf", "ementa": "Parecer referente ao Projeto de Lei n\u00b0 021/2025, de 26 de junho de 2025, que \"Disp\u00f5e sobre a transi\u00e7\u00e3o e o reenquadramento de servidores p\u00fablicos efetivos entre planos de cargos e carreiras da Administra\u00e7\u00e3o P\u00fablica Municipal, e d\u00e1 outras provid\u00eancias.\""}, {"id": 421, "ano": 2025, "numero": 23, "tipo__sigla": "PAR", "tipo__descricao": "Parecer de Comiss\u00e3o", "autoria__autor__nome": "CCJR - Comiss\u00e3o de Constitui\u00e7\u00e3o, Justi\u00e7a e Reda\u00e7\u00e3o\r\nCOUSAP - Comiss\u00e3o de Obras P\u00fablicas, Urbanismo, Servi\u00e7os P\u00fablicos e Atividades Privadas", "texto_original": "http://146.190.132.89/sapl/public/materialegislativa/2025/421/parecer_das_comissoes_n_23-2025.pdf", "ementa": "Parecer referente ao Projeto de Lei n\u00b0 022/2025, de 11 de agosto de 2025, que \"Altera a Lei 05 de 02 de julho de 2003 que disp\u00f5e sobre o Estatuto dos Servidores P\u00fablicos de Pugmil - TO, e d\u00e1 outras provid\u00eancias.\""}, {"id": 422, "ano": 2025, "numero": 24, "tipo__sigla": "PAR", "tipo__descricao": "Parecer de Comiss\u00e3o", "autoria__autor__nome": "CCJR - Comiss\u00e3o de Constitui\u00e7\u00e3o, Justi\u00e7a e Reda\u00e7\u00e3o\r\nCFOTC - Comiss\u00e3o de Finan\u00e7as, Or\u00e7amento, Tributa\u00e7\u00e3o, Fiscaliza\u00e7\u00e3o e Controle", "texto_original": "http://146.190.132.89/sapl/public/materialegislativa/2025/422/parecer_das_comissoes_n_24-2025.pdf", "ementa": "Parecer referente ao Projeto de Lei n\u00b0 023, de 11 de agosto de 2025, que \"Altera o Anexo I da Lei 243, de 18 de dezembro de 2017 que disp\u00f5e sobre a organiza\u00e7\u00e3o da Estrutura Administrativa do Poder Executivo do Munic\u00edpio de Pugmil, e d\u00e1 outras provid\u00eancias.\""}, {"id": 423, "ano": 2025, "numero": 25, "tipo__sigla": "PAR", "tipo__descricao": "Parecer de Comiss\u00e3o", "autoria__autor__nome": "CCJR - Comiss\u00e3o de Constitui\u00e7\u00e3o, Justi\u00e7a e Reda\u00e7\u00e3o\r\nCECDSA - Comiss\u00e3o de Educa\u00e7\u00e3o, Ci\u00eancias, Comunica\u00e7\u00e3o, Cultura, Desporto, Sa\u00fade e Assist\u00eancia Social", "texto_original": "http://146.190.132.89/sapl/public/materialegislativa/2025/423/parecer_de_comissao__n_25.pdf", "ementa": "Parecer referente ao Projeto de Lei n\u00b0 024, de 11 de agosto de 2025, que \"Altera o Anexo I da Lei 243, de 27 de agosto de 2025 - Prorroga a vig\u00eancia do Plano Municipal de Educa\u00e7\u00e3o (PME) aprovado pela Lei Municipal n\u00b0 189, de 23 de junho de 2015, e d\u00e1 outras provid\u00eancias.\""}, {"id": 424, "ano": 2025, "numero": 26, "tipo__sigla": "PAR", "tipo__descricao": "Parecer de Comiss\u00e3o", "autoria__autor__nome": "CCJR - Comiss\u00e3o de Constitui\u00e7\u00e3o, Justi\u00e7a e Reda\u00e7\u00e3o\r\nCOUSAP - Comiss\u00e3o de Obras P\u00fablicas, Urbanismo, Servi\u00e7os P\u00fablicos e Atividades Privadas", "texto_original": "http://146.190.132.89/sapl/public/materialegislativa/2025/424/parecer_de_comissao__n_26.pdf", "ementa": "Parecer referente ao Projeto de Lei n\u00b0 025/2025, que \"Disp\u00f5e sobre a cria\u00e7\u00e3o do Conselho Municipal de Turismo - COMTUR, e d\u00e1 outras provid\u00eancias.\""}, {"id": 480, "ano": 2025, "numero": 27, "tipo__sigla": "PAR", "tipo__descricao": "Parecer de Comiss\u00e3o", "autoria__autor__nome": "CCJR - Comiss\u00e3o de Constitui\u00e7\u00e3o, Justi\u00e7a e Reda\u00e7\u00e3o\r\nCFOTC - Comiss\u00e3o de Finan\u00e7as, Or\u00e7amento, Tributa\u00e7\u00e3o, Fiscaliza\u00e7\u00e3o e Controle", "texto_original": "http://146.190.132.89/sapl/public/materialegislativa/2025/480/parecer_das_comissoes_2720251222_11541139.pdf", "ementa": "Parecer n\u00b0 27/2025 referente ao Projeto de Lei n\u00b0 027/2025, que \"Disp\u00f5e sobre o Plano Plurianual para o per\u00edodo de 2026 a 2029.\""}, {"id": 483, "ano": 2025, "numero": 28, "tipo__sigla": "PAR", "tipo__descricao": "Parecer de Comiss\u00e3o", "autoria__autor__nome": "CCJR - Comiss\u00e3o de Constitui\u00e7\u00e3o, Justi\u00e7a e Reda\u00e7\u00e3o\r\nCFOTC - Comiss\u00e3o de Finan\u00e7as, Or\u00e7amento, Tributa\u00e7\u00e3o, Fiscaliza\u00e7\u00e3o e Controle", "texto_original": "http://146.190.132.89/sapl/public/materialegislativa/2025/483/parecer_das_comissoes_2820251222_11552400.pdf", "ementa": "Parecer n\u00b0 28/2025 referente ao Projeto de Lei n\u00b0 028/2025, que \"Estima a Receita e fixa despesa do munic\u00edpio de Pugmil, para o Exerc\u00edcio de 2026.\""}, {"id": 484, "ano": 2025, "numero": 29, "tipo__sigla": "PAR", "tipo__descricao": "Parecer de Comiss\u00e3o", "autoria__autor__nome": "CCJR - Comiss\u00e3o de Constitui\u00e7\u00e3o, Justi\u00e7a e Reda\u00e7\u00e3o\r\nCFOTC - Comiss\u00e3o de Finan\u00e7as, Or\u00e7amento, Tributa\u00e7\u00e3o, Fiscaliza\u00e7\u00e3o e Controle", "texto_original": "http://146.190.132.89/sapl/public/materialegislativa/2025/484/parecer_das_comissoes_2920251222_12001540.pdf", "ementa": "Parecer n\u00b0 29/2025 referente ao Projeto de Lei n\u00b0 029/2025, que \"Disp\u00f5e sobre as Diretrizes Gerais para a elabora\u00e7\u00e3o da Lei Or\u00e7ament\u00e1ria de 2026 (ano refer\u00eancia de 2025) e d\u00e1 outras provid\u00eancias.\""}, {"id": 485, "ano": 2025, "numero": 30, "tipo__sigla": "PAR", "tipo__descricao": "Parecer de Comiss\u00e3o", "autoria__autor__nome": "CCJR - Comiss\u00e3o de Constitui\u00e7\u00e3o, Justi\u00e7a e Reda\u00e7\u00e3o\r\nCFOTC - Comiss\u00e3o de Finan\u00e7as, Or\u00e7amento, Tributa\u00e7\u00e3o, Fiscaliza\u00e7\u00e3o e Controle", "texto_original": "http://146.190.132.89/sapl/public/materialegislativa/2025/485/parecer_das_comissoes_projeto_de_lei_30_202520251215_10340694.pdf", "ementa": "Parecer n\u00b0 30/2025 referente ao Projeto de Lei n\u00b0 030/2025, que \"Altera dispositivo da Lei Municipal n\u00ba 355, de 1\u00b0 de dezembro de 2022, que disp\u00f5e sobre a pol\u00edtica municipal de atendimento aos direitos da crian\u00e7a e do adolescente, cria o Fundo Municipal dos Direitos da Crian\u00e7a e do Adolescente e estabelece a estrutura e funcionamento do Conselho tutelar de Pugmil-TO, para instituir a licen\u00e7a-sa\u00fade aos conselheiros tutelares e d\u00e1 outras provid\u00eancias.\""}, {"id": 486, "ano": 2025, "numero": 31, "tipo__sigla": "PAR", "tipo__descricao": "Parecer de Comiss\u00e3o", "autoria__autor__nome": "CCJR - Comiss\u00e3o de Constitui\u00e7\u00e3o, Justi\u00e7a e Reda\u00e7\u00e3o\r\nCFOTC - Comiss\u00e3o de Finan\u00e7as, Or\u00e7amento, Tributa\u00e7\u00e3o, Fiscaliza\u00e7\u00e3o e Controle", "texto_original": "http://146.190.132.89/sapl/public/materialegislativa/2025/486/parecer_das_comissoes_projeto_de_lei_31_202520251215_10331245.pdf", "ementa": "Parecer n\u00b0 31/2025 referente ao Projeto de Lei n\u00b0 031/2025, que \"Autoriza o munic\u00edpio de Pugmil-TO a firmar Termo de Coopera\u00e7\u00e3o T\u00e9cnica, Financeira e de Bens Im\u00f3veis m\u00fatua com os munic\u00edpios vizinhos de Porto Nacional, Nova Rosal\u00e2ndia e Para\u00edso do Tocantins, e d\u00e1 outras provid\u00eancias.\""}, {"id": 448, "ano": 2025, "numero": 3, "tipo__sigla": "REQ", "tipo__descricao": "Requerimento", "autoria__autor__nome": "Vanielly Lino de Sousa", "texto_original": "http://146.190.132.89/sapl/public/materialegislativa/2025/448/requerimento_n_003-2025.pdf", "ementa": "Solicita que seja viabilizado um programa estrat\u00e9gico de limpeza dos lotes baldios da nossa cidade."}, {"id": 449, "ano": 2025, "numero": 4, "tipo__sigla": "REQ", "tipo__descricao": "Requerimento", "autoria__autor__nome": "Vanielly Lino de Sousa", "texto_original": "http://146.190.132.89/sapl/public/materialegislativa/2025/449/requerimento_n_004-2025.pdf", "ementa": "Solicitando que, seja viabilizado a implanta\u00e7\u00e3o do servi\u00e7o de fiscaliza\u00e7\u00e3o de \u00e1reas utilizadas como descarte irregular de lixo, a fim de evitar s\u00e9rio problema de polui\u00e7\u00e3o ambiental."}, {"id": 450, "ano": 2025, "numero": 5, "tipo__sigla": "REQ", "tipo__descricao": "Requerimento", "autoria__autor__nome": "Vanielly Lino de Sousa", "texto_original": "http://146.190.132.89/sapl/public/materialegislativa/2025/450/requerimento_n_005-2025.pdf", "ementa": "Solicitando que, seja viabilizado a implanta\u00e7\u00e3o do Sistema de Videomonitoramento em pontos estrat\u00e9gicos da nossa cidade de Pugmil."}, {"id": 451, "ano": 2025, "numero": 6, "tipo__sigla": "REQ", "tipo__descricao": "Requerimento", "autoria__autor__nome": "Vanielly Lino de Sousa", "texto_original": "http://146.190.132.89/sapl/public/materialegislativa/2025/451/requerimento_n_006-2025.pdf", "ementa": "Solicitando que, seja viabilizado a revitaliza\u00e7\u00e3o e reforma da Quadra Poliesportiva Jonas Cabral, situado no setor Bela Vista."}, {"id": 452, "ano": 2025, "numero": 7, "tipo__sigla": "REQ", "tipo__descricao": "Requerimento", "autoria__autor__nome": "Vanielly Lino de Sousa", "texto_original": "http://146.190.132.89/sapl/public/materialegislativa/2025/452/requerimento_n_007-2025.pdf", "ementa": "Solicitando que, seja viabilizado a implanta\u00e7\u00e3o do Programa de Capacita\u00e7\u00e3o T\u00e9cnica para a nossa popula\u00e7\u00e3o, o que significa desenvolvimento econ\u00f4mico para a cidade e melhor qualifica\u00e7\u00e3o profissional para a nossa gente."}, {"id": 453, "ano": 2025, "numero": 8, "tipo__sigla": "REQ", "tipo__descricao": "Requerimento", "autoria__autor__nome": "Marco Antonio de Castro", "texto_original": "http://146.190.132.89/sapl/public/materialegislativa/2025/453/requerimento_n_008-2025.pdf", "ementa": "Solicitando que, seja viabilizado a sinaliza\u00e7\u00e3o vertical como placas e a horizontal incluindo faixas de pedestres."}, {"id": 454, "ano": 2025, "numero": 9, "tipo__sigla": "REQ", "tipo__descricao": "Requerimento", "autoria__autor__nome": "Marco Antonio de Castro", "texto_original": "http://146.190.132.89/sapl/public/materialegislativa/2025/454/requerimento_n_009-2025.pdf", "ementa": "Solicitando que, seja viabilizado a constru\u00e7\u00e3o de quebra-molas na Rua Pernambuco, Avenida Adelaide Mendes, Avenida Jos\u00e9 Wilson Siqueira Campos e Avenida Pium."}, {"id": 455, "ano": 2025, "numero": 10, "tipo__sigla": "REQ", "tipo__descricao": "Requerimento", "autoria__autor__nome": "Marco Antonio de Castro", "texto_original": "http://146.190.132.89/sapl/public/materialegislativa/2025/455/requerimento_n_010-2025.pdf", "ementa": "Solicitando que, seja viabilizado a revitaliza\u00e7\u00e3o dos jardins da entrada da cidade, com flores e gramas aonde h\u00e1 aus\u00eancia das mesmas."}, {"id": 456, "ano": 2025, "numero": 11, "tipo__sigla": "REQ", "tipo__descricao": "Requerimento", "autoria__autor__nome": "Raynne Cabral Carneiro", "texto_original": "http://146.190.132.89/sapl/public/materialegislativa/2025/456/requerimento_n_011-2025.pdf", "ementa": "Solicitando que, seja viabilizado a contrata\u00e7\u00e3o coveiro, para prestar servi\u00e7os no Cemit\u00e9rio Municipal Recanto da Paz."}, {"id": 457, "ano": 2025, "numero": 12, "tipo__sigla": "REQ", "tipo__descricao": "Requerimento", "autoria__autor__nome": "William Pereira Mota", "texto_original": "http://146.190.132.89/sapl/public/materialegislativa/2025/457/requerimento_n_012-2025.pdf", "ementa": "Solicitando que, seja institu\u00eddo pelo Munic\u00edpio, um Programa de Fortalecimento do Com\u00e9rcio Local."}, {"id": 458, "ano": 2025, "numero": 13, "tipo__sigla": "REQ", "tipo__descricao": "Requerimento", "autoria__autor__nome": "Marco Antonio de Castro", "texto_original": "http://146.190.132.89/sapl/public/materialegislativa/2025/458/requerimento_n_013-2025.pdf", "ementa": "Solicitando que, seja feita a manuten\u00e7\u00e3o do ambiente da pista da vaquejada tais como banheiros, \u00e1gua e ilumina\u00e7\u00e3o e a designa\u00e7\u00e3o de um espa\u00e7o para que o pessoal do som automotivo tenha um ambiente para usar e curtir seus eventos."}, {"id": 7, "ano": 2025, "numero": 16, "tipo__sigla": "REQ", "tipo__descricao": "Requerimento", "autoria__autor__nome": "Marco Antonio de Castro", "texto_original": "http://146.190.132.89/sapl/public/materialegislativa/2025/7/requerimento_no_16-2025.pdf", "ementa": "Solicito a autoriza\u00e7\u00e3o para o professor Nilton Cesar Alves de Freitas, a substituir  sua hora atividade em sala de aula, por aulas praticas de Karat\u00ea."}, {"id": 6, "ano": 2025, "numero": 17, "tipo__sigla": "REQ", "tipo__descricao": "Requerimento", "autoria__autor__nome": "Aldo Rodrigues Coelho", "texto_original": "http://146.190.132.89/sapl/public/materialegislativa/2025/6/requerimento_no_17-2025.pdf", "ementa": "Solicita que seja providenciada a constru\u00e7\u00e3o da sede para a Secretaria Municipal da Agricultura."}, {"id": 8, "ano": 2025, "numero": 18, "tipo__sigla": "REQ", "tipo__descricao": "Requerimento", "autoria__autor__nome": "Aldo Rodrigues Coelho", "texto_original": "http://146.190.132.89/sapl/public/materialegislativa/2025/8/requerimento_no_18-2025.pdf", "ementa": "Solicita que seja providenciada a constru\u00e7\u00e3o de CAMPO SOCIETY, ao lado do campo de Futebol Ant\u00f4nio Chup\u00e9."}, {"id": 9, "ano": 2025, "numero": 19, "tipo__sigla": "REQ", "tipo__descricao": "Requerimento", "autoria__autor__nome": "Aldo Rodrigues Coelho", "texto_original": "http://146.190.132.89/sapl/public/materialegislativa/2025/9/requerimento_no_19-2025.pdf", "ementa": "Solicita que seja providenciada a instala\u00e7\u00e3o de grades mais altas na lateral contraria \u00e1s arquibancadas dos fundos, do lado das traves, do Campo de Futebol Ant\u00f4nio Chup\u00e9"}, {"id": 10, "ano": 2025, "numero": 20, "tipo__sigla": "REQ", "tipo__descricao": "Requerimento", "autoria__autor__nome": "Elmir Oliveira da Silva", "texto_original": "http://146.190.132.89/sapl/public/materialegislativa/2025/10/requerimento_no_20-2025.pdf", "ementa": "Solicita que seja providenciado o reajuste e pagamento da data base dos conselheiros tutelares a partir do m\u00eas de mar\u00e7o do corrente ano."}, {"id": 11, "ano": 2025, "numero": 21, "tipo__sigla": "REQ", "tipo__descricao": "Requerimento", "autoria__autor__nome": "Marco Antonio de Castro", "texto_original": "http://146.190.132.89/sapl/public/materialegislativa/2025/11/requerimento_no_21-2025.pdf", "ementa": "Solicita que o Munic\u00edpio juntamente com a Secretaria de Educa\u00e7\u00e3o, Viabilize a reforma e revitaliza\u00e7\u00e3o do Gin\u00e1sio Poliesportivo Marcelo  Henrique Bispo."}, {"id": 12, "ano": 2025, "numero": 22, "tipo__sigla": "REQ", "tipo__descricao": "Requerimento", "autoria__autor__nome": "Marco Antonio de Castro", "texto_original": "http://146.190.132.89/sapl/public/materialegislativa/2025/12/requerimento_no_22-2025.pdf", "ementa": "Solicita que seja viabilizada a contrata\u00e7\u00e3o de garis e ades\u00e3o de carrinhos de lixo para que mantenha - se a limpeza urbana da cidade diariamente."}, {"id": 13, "ano": 2025, "numero": 23, "tipo__sigla": "REQ", "tipo__descricao": "Requerimento", "autoria__autor__nome": "Elmir Oliveira da Silva", "texto_original": "http://146.190.132.89/sapl/public/materialegislativa/2025/13/requerimento_no_23-2025.pdf", "ementa": "Solicita seja viabilizando o servi\u00e7o de carro fumasse, para a preven\u00e7\u00e3o de dengue , chikungunya e Zica v\u00edrus em nosso munic\u00edpio."}, {"id": 14, "ano": 2025, "numero": 24, "tipo__sigla": "REQ", "tipo__descricao": "Requerimento", "autoria__autor__nome": "Vanielly Lino de Sousa", "texto_original": "http://146.190.132.89/sapl/public/materialegislativa/2025/14/requerimento_no_24-2025.pdf", "ementa": "Solicita que seja providenciado um local adequado para o Conselho Tutelar e que seja paga uma gratifica\u00e7\u00e3o aos conselheiros tutelares."}, {"id": 15, "ano": 2025, "numero": 25, "tipo__sigla": "REQ", "tipo__descricao": "Requerimento", "autoria__autor__nome": "Vanielly Lino de Sousa", "texto_original": "http://146.190.132.89/sapl/public/materialegislativa/2025/15/requerimento_no_25-2025.pdf", "ementa": "solicita que seja viabilizada a ilumina\u00e7\u00e3o e manuten\u00e7\u00e3o da pe\u00e7a que fica na rua Bras\u00edlia no setor oeste, visto que \u00e9 entrada da cidade e se encontra abandonada."}, {"id": 16, "ano": 2025, "numero": 26, "tipo__sigla": "REQ", "tipo__descricao": "Requerimento", "autoria__autor__nome": "Vanielly Lino de Sousa", "texto_original": "http://146.190.132.89/sapl/public/materialegislativa/2025/16/requerimento_no_26-2025.pdf", "ementa": "Solicita que seja viabilizado a cria\u00e7\u00e3o de um programa Municipal de nata\u00e7\u00e3o infantil, visto que, temos o CRAS onde tem uma piscina que passa mais tempo parada e sem ningu\u00e9m utilizar."}, {"id": 17, "ano": 2025, "numero": 27, "tipo__sigla": "REQ", "tipo__descricao": "Requerimento", "autoria__autor__nome": "Vanielly Lino de Sousa", "texto_original": "http://146.190.132.89/sapl/public/materialegislativa/2025/17/requerimento_no_27-2025.pdf", "ementa": "Solicita que seja implantado no esporte de Pugmil um investimento e apoio na pratica de outras atividades esportivas tais como: V\u00f4lei , ciclismo e atletismo e outros."}, {"id": 18, "ano": 2025, "numero": 28, "tipo__sigla": "REQ", "tipo__descricao": "Requerimento", "autoria__autor__nome": "Raynne Cabral Carneiro", "texto_original": "http://146.190.132.89/sapl/public/materialegislativa/2025/18/requerimento_no_28-2025.pdf", "ementa": "solicita que seja implementada a LAVOURA COMUNIT\u00c1RIA no Munic\u00edpio de Pugmil."}, {"id": 19, "ano": 2025, "numero": 29, "tipo__sigla": "REQ", "tipo__descricao": "Requerimento", "autoria__autor__nome": "Raynne Cabral Carneiro", "texto_original": "http://146.190.132.89/sapl/public/materialegislativa/2025/19/requerimento_no_29-2025.pdf", "ementa": "Solicita que seja constru\u00edda uma FEIRA COBERTA em Pugmil, a fim de apoiar os produtores rurais."}, {"id": 27, "ano": 2025, "numero": 39, "tipo__sigla": "REQ", "tipo__descricao": "Requerimento", "autoria__autor__nome": "William Pereira Mota", "texto_original": "http://146.190.132.89/sapl/public/materialegislativa/2025/27/requerimento_no_39-2025.pdf", "ementa": "Solicita que seja providenciado a limpeza e o ro\u00e7o do Setor Empresarial, situado no bairro sul da cidade."}, {"id": 42, "ano": 2025, "numero": 42, "tipo__sigla": "REQ", "tipo__descricao": "Requerimento", "autoria__autor__nome": "Fabiano Peixoto Cardoso", "texto_original": "http://146.190.132.89/sapl/public/materialegislativa/2025/42/requerimento_no_42-2025.pdf", "ementa": "Solicita que seja viabilizada a concess\u00e3o de abatimento na conta de energia el\u00e9trica de pessoas necessitadas, do excedente  gerado pelas placas solares deste munic\u00edpio."}, {"id": 49, "ano": 2025, "numero": 44, "tipo__sigla": "REQ", "tipo__descricao": "Requerimento", "autoria__autor__nome": "Bruno Mendes Cutrim", "texto_original": "http://146.190.132.89/sapl/public/materialegislativa/2025/49/requerimento_no_44-2025.pdf", "ementa": "Solicita que, quando for construir a nova sede da Secretaria Municipal de Agricultura, que seja numa \u00e1rea mais afastada da escola, a fim de proteger as crian\u00e7as de poss\u00edveis acidentes."}, {"id": 51, "ano": 2025, "numero": 47, "tipo__sigla": "REQ", "tipo__descricao": "Requerimento", "autoria__autor__nome": "Marco Antonio de Castro", "texto_original": "http://146.190.132.89/sapl/public/materialegislativa/2025/51/requerimento_no_47-2025.pdf", "ementa": "Solicita que viabilize o pagamento de ADICIONAL NOTURNO aos Profissionais da sa\u00fade, envolvendo todos os cargos que desempenham atividades no per\u00edodo noturno."}, {"id": 141, "ano": 2025, "numero": 52, "tipo__sigla": "REQ", "tipo__descricao": "Requerimento", "autoria__autor__nome": "Elmir Oliveira da Silva", "texto_original": "http://146.190.132.89/sapl/public/materialegislativa/2025/141/requerimento_n_52-2025.pdf", "ementa": "Solicita que seja  viabilizada a  reforma e adapta\u00e7\u00e3o do Centro de Eventos Leonardo Marinho, a fim de que o mesmo possa ser melhor utilizado e propiciar mais conforto \u00e0s pessoas.\r\nO referido centro de eventos, est\u00e1 necessitando de uma reforma geral em sua estrutura e pintura, bem como de ar condicionado, e de forro."}, {"id": 351, "ano": 2025, "numero": 62, "tipo__sigla": "REQ", "tipo__descricao": "Requerimento", "autoria__autor__nome": "Bruno Mendes Cutrim\r\nElmir Oliveira da Silva\r\nFabiano Peixoto Cardoso\r\nMarco Antonio de Castro\r\nRaynne Cabral Carneiro\r\nVanielly Lino de Sousa\r\nWilliam Pereira Mota", "texto_original": "http://146.190.132.89/sapl/public/materialegislativa/2025/351/requerimento_n_62-2025.pdf", "ementa": "Seja encaminhado expediente ao senhor Prefeito Municipal, solicitando que ele viabilize o envio das M\u00c1QUINAS DA INFRAESTRUTURA, para fazer uma terraplanagem nas ruas do Setor Sul."}, {"id": 352, "ano": 2025, "numero": 63, "tipo__sigla": "REQ", "tipo__descricao": "Requerimento", "autoria__autor__nome": "Aldo Rodrigues Coelho\r\nBruno Mendes Cutrim\r\nElmir Oliveira da Silva\r\nFabiano Peixoto Cardoso\r\nMarco Antonio de Castro\r\nRaynne Cabral Carneiro\r\nWilliam Pereira Mota", "texto_original": "http://146.190.132.89/sapl/public/materialegislativa/2025/352/requerimento_n_63-2025.pdf", "ementa": "Seja encaminhado expediente ao senhor Prefeito Municipal, solicitando que ele viabilize distribui\u00e7\u00e3o de pontos de internet gr\u00e1tis em diversos pontos p\u00fablicos estrat\u00e9gicos da nossa cidade."}, {"id": 355, "ano": 2025, "numero": 64, "tipo__sigla": "REQ", "tipo__descricao": "Requerimento", "autoria__autor__nome": "Aldo Rodrigues Coelho\r\nBruno Mendes Cutrim\r\nElmir Oliveira da Silva\r\nFabiano Peixoto Cardoso\r\nMarco Antonio de Castro", "texto_original": "http://146.190.132.89/sapl/public/materialegislativa/2025/355/requerimento_n_64-2025.pdf", "ementa": "Seja encaminhado expediente ao senhor Prefeito Municipal, solicitando que ele viabilize o servi\u00e7o de asfaltamento da Rua de Acesso ao Parque de Vaquejada, assim como construir uma ROTAT\u00d3RIA para garantir melhor fluidez do tr\u00e2nsito, especialmente durante os per\u00edodos de realiza\u00e7\u00e3o de eventos."}, {"id": 356, "ano": 2025, "numero": 65, "tipo__sigla": "REQ", "tipo__descricao": "Requerimento", "autoria__autor__nome": "William Pereira Mota", "texto_original": "http://146.190.132.89/sapl/public/materialegislativa/2025/356/requerimento_n_65-2025.pdf", "ementa": "Seja encaminhado expediente ao senhor Prefeito Municipal, que viabilize a reforma da Escola Municipal Jo\u00e3o Pereira da Mota."}, {"id": 357, "ano": 2025, "numero": 66, "tipo__sigla": "REQ", "tipo__descricao": "Requerimento", "autoria__autor__nome": "Aldo Rodrigues Coelho\r\nAlessandro Ribeiro de S\u00e1\r\nBruno Mendes Cutrim\r\nElmir Oliveira da Silva\r\nRaynne Cabral Carneiro\r\nWilliam Pereira Mota", "texto_original": "http://146.190.132.89/sapl/public/materialegislativa/2025/357/requerimento_n_66-2025.pdf", "ementa": "Seja encaminhado expediente ao senhor Prefeito Municipal, que ele viabilize a recupera\u00e7\u00e3o asf\u00e1ltica das principais ruas do centro da cidade e pavimentar as ruas do Setor Sul que ainda n\u00e3o foram beneficiadas, conforme se especifica."}, {"id": 358, "ano": 2025, "numero": 67, "tipo__sigla": "REQ", "tipo__descricao": "Requerimento", "autoria__autor__nome": "Bruno Mendes Cutrim\r\nMarco Antonio de Castro\r\nVanielly Lino de Sousa", "texto_original": "http://146.190.132.89/sapl/public/materialegislativa/2025/358/requerimento_n_67-2025.pdf", "ementa": "Solicita que seja encaminhada \u00e0 FOLHA DE PAGAMENTO ANAL\u00cdTICA DOS SERVIDORES DESTE MUNIC\u00cdPIO, mensalmente \u00e0 esta C\u00e2mara Municipal de Pugmil, a fim de que os Vereadores tenham em m\u00e3os as devidas informa\u00e7\u00f5es sobre os gastos com pessoal desse Poder Executivo."}, {"id": 359, "ano": 2025, "numero": 68, "tipo__sigla": "REQ", "tipo__descricao": "Requerimento", "autoria__autor__nome": "Marco Antonio de Castro\r\nRaynne Cabral Carneiro\r\nVanielly Lino de Sousa", "texto_original": "http://146.190.132.89/sapl/public/materialegislativa/2025/359/requerimento_n_68-2025.pdf", "ementa": "Seja encaminhado expediente ao senhor Prefeito Municipal, solicitando que sejam encaminhados, via of\u00edcio, a esta C\u00e2mara Municipal de Pugmil, todas as leis sancionadas, e que a partir de desta data, todas as leis que forem sendo sancionadas, sejam enviadas de imediato, ap\u00f3s a sua publica\u00e7\u00e3o, uma c\u00f3pia via of\u00edcio \u00e0 este Poder Legislativo, a fim de que a C\u00e2mara Municipal possa providenciar a guarda dessas leis."}, {"id": 363, "ano": 2025, "numero": 69, "tipo__sigla": "REQ", "tipo__descricao": "Requerimento", "autoria__autor__nome": "Marco Antonio de Castro\r\nVanielly Lino de Sousa", "texto_original": "http://146.190.132.89/sapl/public/materialegislativa/2025/363/requerimento_n_69-2025.pdf", "ementa": "Seja encaminhado expediente ao senhor Prefeito Municipal, que ele forne\u00e7a \u00e0 esta C\u00e2mara Municipal uma c\u00f3pia de todo o Processo de Dispensa de Licita\u00e7\u00e3o, para os servi\u00e7os de manuten\u00e7\u00e3o de aparelhos de Ar Condicionado dos \u00f3rg\u00e3os p\u00fablicos do Munic\u00edpio, cujo contratado \u00e9 DOMINGOS FRANCISCO DA COSTA.\r\nNeste processo deve conter: O Processo de Dispensa da Licita\u00e7\u00e3o, o Edital, a tomada de pre\u00e7os (or\u00e7amentos), ata de realiza\u00e7\u00e3o do certame, Adjudica\u00e7\u00e3o, Homologa\u00e7\u00e3o e os contratos."}, {"id": 364, "ano": 2025, "numero": 70, "tipo__sigla": "REQ", "tipo__descricao": "Requerimento", "autoria__autor__nome": "Marco Antonio de Castro\r\nRaynne Cabral Carneiro", "texto_original": "http://146.190.132.89/sapl/public/materialegislativa/2025/364/requerimento_n_70-2025.pdf", "ementa": "Seja encaminhado expediente ao senhor Prefeito Municipal, solicitando que as FESTIVIDADES EM COMEMORA\u00c7\u00c3O AO DIA DO PADROEIRO DA CIDADE, S\u00c3O JO\u00c3O BATISTA, que ocorre em 24 de junho, sejam inclu\u00eddas no Calend\u00e1rio das Festividades e Culturais de Pugmil, e que seja designado verba para ajudar no custeio desta festa."}, {"id": 404, "ano": 2025, "numero": 92, "tipo__sigla": "REQ", "tipo__descricao": "Requerimento", "autoria__autor__nome": "Fabiano Peixoto Cardoso", "texto_original": "http://146.190.132.89/sapl/public/materialegislativa/2025/404/requerimento_no_92-2025.pdf", "ementa": "Solicita que, seja feita distribui\u00e7\u00e3o de CESTAS B\u00c1SICAS tamb\u00e9m para os aposentados, tanto nas distribui\u00e7\u00f5es convencionais quanto nas distribui\u00e7\u00f5es inerentes ao Natal."}, {"id": 345, "ano": 2025, "numero": 2, "tipo__sigla": "MAP", "tipo__descricao": "Mo\u00e7\u00e3o de Aplausos", "autoria__autor__nome": "Raynne Cabral Carneiro", "texto_original": "http://146.190.132.89/", "ementa": "Seja encaminhada mensagem de congratula\u00e7\u00f5es ao senhor JOS\u00c9 BARBOSA COELHO, em reconhecimento da sua trajet\u00f3ria, dedica\u00e7\u00e3o e contribui\u00e7\u00e3o ao desenvolvimento do nosso munic\u00edpio de Pugmil- To."}, {"id": 441, "ano": 2025, "numero": 2, "tipo__sigla": "IND", "tipo__descricao": "Indica\u00e7\u00e3o", "autoria__autor__nome": "Vanielly Lino de Sousa", "texto_original": "http://146.190.132.89/sapl/public/materialegislativa/2025/441/indicacao_n_002-2025.pdf", "ementa": "Solicita \u00e0 Deputada Estadual, Janad Valcari, que viabilize um conv\u00eanio do Governo do Estado do Tocantins, com a Prefeita Municipal de Pugmil, para a manuten\u00e7\u00e3o das estradas vicinais e ramais do Munic\u00edpio de Pugmil."}, {"id": 442, "ano": 2025, "numero": 3, "tipo__sigla": "IND", "tipo__descricao": "Indica\u00e7\u00e3o", "autoria__autor__nome": "Marco Antonio de Castro", "texto_original": "http://146.190.132.89/sapl/public/materialegislativa/2025/442/indicacao_n_003-2025.pdf", "ementa": "Solicita \u00e0 Deputada Estadual Janad Valcari, fazer gest\u00e3o a Secretaria de Estado da Sa\u00fade, ou aos \u00f3rg\u00e3os de vigil\u00e2ncia sanit\u00e1ria do Estado do Tocantins, com vista a realiza\u00e7\u00e3o de castra\u00e7\u00e3o e pequenas cirurgias de animais."}, {"id": 443, "ano": 2025, "numero": 4, "tipo__sigla": "IND", "tipo__descricao": "Indica\u00e7\u00e3o", "autoria__autor__nome": "Marco Antonio de Castro", "texto_original": "http://146.190.132.89/sapl/public/materialegislativa/2025/443/indicacao_n_004-2025.pdf", "ementa": "Solicita \u00e0 Deputada Estadual, Janad Valcari, viabilizar junto a \u00f3rg\u00e3os competentes do Estado, a realiza\u00e7\u00e3o \"Dia da Beleza da mulher/m\u00e3e\", em Pugmil - Tocantins."}, {"id": 444, "ano": 2025, "numero": 6, "tipo__sigla": "IND", "tipo__descricao": "Indica\u00e7\u00e3o", "autoria__autor__nome": "William Pereira Mota", "texto_original": "http://146.190.132.89/sapl/public/materialegislativa/2025/444/indicacao_n_006-2025.pdf", "ementa": "Solicita ao senhor Governador, que o Estado encampe a estrada vicinal que liga Pugmil a Porto Nacional, podendo dar sequ\u00eancia \u00e0 Rodovia TO 354 (Pium a Pugmil), seguindo at\u00e9 Porto Nacional."}, {"id": 389, "ano": 2025, "numero": 7, "tipo__sigla": "IND", "tipo__descricao": "Indica\u00e7\u00e3o", "autoria__autor__nome": "Elmir Oliveira da Silva", "texto_original": "http://146.190.132.89/", "ementa": "Solicita ao Deputado Federal, Toninho Andrade, designar Emenda Parlamentar para custear o servi\u00e7o de expedi\u00e7\u00e3o de CNH social em Pugmil."}, {"id": 390, "ano": 2025, "numero": 8, "tipo__sigla": "IND", "tipo__descricao": "Indica\u00e7\u00e3o", "autoria__autor__nome": "Elmir Oliveira da Silva", "texto_original": "http://146.190.132.89/", "ementa": "Solicita ao Governador do Tocantins, implantar o CNH social em Pugmil."}, {"id": 439, "ano": 2025, "numero": 2, "tipo__sigla": "PLL", "tipo__descricao": "Projeto de Lei do Legislativo", "autoria__autor__nome": "ANGELO MARIO PEREIRA ALVES", "texto_original": "http://146.190.132.89/sapl/public/materialegislativa/2025/439/projeto_de_lei_municipal_n_002-2025.pdf", "ementa": "Delega a compet\u00eancia de ordenador de despesas no \u00e2mbito do Poder Executivo de Pugmil - TO aos secret\u00e1rios municipais gestores de fundos municipais e d\u00e1 outras provid\u00eancias."}, {"id": 373, "ano": 2025, "numero": 4, "tipo__sigla": "PLL", "tipo__descricao": "Projeto de Lei do Legislativo", "autoria__autor__nome": "Marco Antonio de Castro", "texto_original": "http://146.190.132.89/", "ementa": "\u201cDISP\u00d5E SOBRE A IMPLANTA\u00c7\u00c3O DE UM PROGRAMA MUNICIPAL DE CASTRA\u00c7\u00c3O GRATUITA DE C\u00c3ES E GATOS E D\u00c1 OUTRAS PROVID\u00caNCIAS.\u201d"}, {"id": 35, "ano": 2025, "numero": 4, "tipo__sigla": "ATAO", "tipo__descricao": "Ata da Sess\u00e3o Ordin\u00e1ria", "autoria__autor__nome": null, "texto_original": "http://146.190.132.89/", "ementa": "Ata n\u00ba 541/2025 da 4\u00aa Sess\u00e3o Ordin\u00e1ria do m\u00eas de fevereiro de 2025."}, {"id": 45, "ano": 2025, "numero": 6, "tipo__sigla": "ATAO", "tipo__descricao": "Ata da Sess\u00e3o Ordin\u00e1ria", "autoria__autor__nome": null, "texto_original": "http://146.190.132.89/", "ementa": "Ata n\u00ba 543/2025 da 6\u00aa Sess\u00e3o Ordin\u00e1ria do m\u00eas de mar\u00e7o de 2025."}, {"id": 46, "ano": 2025, "numero": 7, "tipo__sigla": "ATAO", "tipo__descricao": "Ata da Sess\u00e3o Ordin\u00e1ria", "autoria__autor__nome": null, "texto_original": "http://146.190.132.89/", "ementa": "Ata 544/2025 da 7\u00aa Sess\u00e3o Ordin\u00e1ria do mes de Mar\u00e7o de 2025."}, {"id": 47, "ano": 2025, "numero": 8, "tipo__sigla": "ATAO", "tipo__descricao": "Ata da Sess\u00e3o Ordin\u00e1ria", "autoria__autor__nome": null, "texto_original": "http://146.190.132.89/", "ementa": "Ata 545/2025 da 8\u00aa Sess\u00e3o Ordin\u00e1ria do m\u00eas de Mar\u00e7o de 2025."}, {"id": 52, "ano": 2025, "numero": 9, "tipo__sigla": "ATAO", "tipo__descricao": "Ata da Sess\u00e3o Ordin\u00e1ria", "autoria__autor__nome": null, "texto_original": "http://146.190.132.89/", "ementa": "Ata 546/2025 da 9\u00aa Sess\u00e3o Ordin\u00e1ria do m\u00eas de Mar\u00e7o de 2025."}, {"id": 325, "ano": 2025, "numero": 10, "tipo__sigla": "ATAO", "tipo__descricao": "Ata da Sess\u00e3o Ordin\u00e1ria", "autoria__autor__nome": null, "texto_original": "http://146.190.132.89/", "ementa": "Ata 547/2025 da 10\u00aa Sess\u00e3o Ordin\u00e1ria do m\u00eas de Mar\u00e7o de 2025."}, {"id": 327, "ano": 2025, "numero": 11, "tipo__sigla": "ATAO", "tipo__descricao": "Ata da Sess\u00e3o Ordin\u00e1ria", "autoria__autor__nome": null, "texto_original": "http://146.190.132.89/", "ementa": "Ata 548/2025da 11\u00aa Sess\u00e3o ordin\u00e1ria do m\u00eas de Abril de 2025"}, {"id": 329, "ano": 2025, "numero": 12, "tipo__sigla": "ATAO", "tipo__descricao": "Ata da Sess\u00e3o Ordin\u00e1ria", "autoria__autor__nome": null, "texto_original": "http://146.190.132.89/", "ementa": "Ata 549 da 12\u00aa Sess\u00e3o Ordin\u00e1ria do mes de abril 2025."}, {"id": 332, "ano": 2025, "numero": 13, "tipo__sigla": "ATAO", "tipo__descricao": "Ata da Sess\u00e3o Ordin\u00e1ria", "autoria__autor__nome": null, "texto_original": "http://146.190.132.89/", "ementa": "Ata Eletr\u00f4nica 550 da 13\u00aa Sess\u00e3o Ordin\u00e1ria do mes de Abril de 2025."}, {"id": 333, "ano": 2025, "numero": 14, "tipo__sigla": "ATAO", "tipo__descricao": "Ata da Sess\u00e3o Ordin\u00e1ria", "autoria__autor__nome": null, "texto_original": "http://146.190.132.89/", "ementa": "Ata Eletr\u00f4nica 551 da 14\u00aa Sess\u00e3o Ordin\u00e1ria do mes de Abril de 2025."}, {"id": 338, "ano": 2025, "numero": 550, "tipo__sigla": "ATAO", "tipo__descricao": "Ata da Sess\u00e3o Ordin\u00e1ria", "autoria__autor__nome": null, "texto_original": "http://146.190.132.89/", "ementa": "Ata 550 da 4\u00aa Sess\u00e3o Ordin\u00e1ria do\r\n mes de abril 2025."}, {"id": 343, "ano": 2025, "numero": 552, "tipo__sigla": "ATAO", "tipo__descricao": "Ata da Sess\u00e3o Ordin\u00e1ria", "autoria__autor__nome": null, "texto_original": "http://146.190.132.89/", "ementa": "Ata 552 da 1\u00aa Sess\u00e3o Ordin\u00e1ria do mes de maio 2025."}, {"id": 344, "ano": 2025, "numero": 553, "tipo__sigla": "ATAO", "tipo__descricao": "Ata da Sess\u00e3o Ordin\u00e1ria", "autoria__autor__nome": null, "texto_original": "http://146.190.132.89/", "ementa": "Ata 553 da 2\u00aa Sess\u00e3o Ordin\u00e1ria do mes de Maio de 2025."}, {"id": 346, "ano": 2025, "numero": 554, "tipo__sigla": "ATAO", "tipo__descricao": "Ata da Sess\u00e3o Ordin\u00e1ria", "autoria__autor__nome": null, "texto_original": "http://146.190.132.89/", "ementa": "Ata 554 da 3\u00aa Sess\u00e3o Ordin\u00e1ria do mes de Maio de 2025."}, {"id": 348, "ano": 2025, "numero": 555, "tipo__sigla": "ATAO", "tipo__descricao": "Ata da Sess\u00e3o Ordin\u00e1ria", "autoria__autor__nome": null, "texto_original": "http://146.190.132.89/", "ementa": "Ata 554 da 4\u00aa Sess\u00e3o Ordin\u00e1ria do mes de Maio de 2025."}, {"id": 361, "ano": 2025, "numero": 557, "tipo__sigla": "ATAO", "tipo__descricao": "Ata da Sess\u00e3o Ordin\u00e1ria", "autoria__autor__nome": null, "texto_original": "http://146.190.132.89/", "ementa": "Ata 556/2025da 1\u00aa Sess\u00e3o ordin\u00e1ria do m\u00eas de Junho de 2025."}, {"id": 362, "ano": 2025, "numero": 558, "tipo__sigla": "ATAO", "tipo__descricao": "Ata da Sess\u00e3o Ordin\u00e1ria", "autoria__autor__nome": null, "texto_original": "http://146.190.132.89/", "ementa": "Ata 558 da 3\u00aa sess\u00e3o ordin\u00e1ria do m\u00eas de Junho 2025."}, {"id": 365, "ano": 2025, "numero": 570, "tipo__sigla": "ATAO", "tipo__descricao": "Ata da Sess\u00e3o Ordin\u00e1ria", "autoria__autor__nome": null, "texto_original": "http://146.190.132.89/", "ementa": "Ata N\u00ba570 da 4\u00aa sess\u00e3o do m\u00eas do junho de 2025."}, {"id": 366, "ano": 2025, "numero": 571, "tipo__sigla": "ATAO", "tipo__descricao": "Ata da Sess\u00e3o Ordin\u00e1ria", "autoria__autor__nome": null, "texto_original": "http://146.190.132.89/", "ementa": "Ata N\u00ba571 da 5\u00aa sess\u00e3o ordin\u00e1ria do mes de junho 2025."}, {"id": 380, "ano": 2025, "numero": 572, "tipo__sigla": "ATAO", "tipo__descricao": "Ata da Sess\u00e3o Ordin\u00e1ria", "autoria__autor__nome": null, "texto_original": "http://146.190.132.89/", "ementa": "da Ata de N\u00ba572 da 1\u00aa sess\u00e3o Ordin\u00e1ria de agosto de 2025."}, {"id": 384, "ano": 2025, "numero": 573, "tipo__sigla": "ATAO", "tipo__descricao": "Ata da Sess\u00e3o Ordin\u00e1ria", "autoria__autor__nome": null, "texto_original": "http://146.190.132.89/", "ementa": "Leitura da Ata N\u00ba 573 /2025 2\u00aa sess\u00e3o ordin\u00e1ria 2025."}, {"id": 385, "ano": 2025, "numero": 574, "tipo__sigla": "ATAO", "tipo__descricao": "Ata da Sess\u00e3o Ordin\u00e1ria", "autoria__autor__nome": null, "texto_original": "http://146.190.132.89/", "ementa": "Ata N\u00ba 574/2025 3\u00aa sess\u00e3o ordin\u00e1ria de agosto 2025."}, {"id": 399, "ano": 2025, "numero": 575, "tipo__sigla": "ATAO", "tipo__descricao": "Ata da Sess\u00e3o Ordin\u00e1ria", "autoria__autor__nome": null, "texto_original": "http://146.190.132.89/", "ementa": "Ata N\u00ba575/2025, 4\u00aa sess\u00e3o ordin\u00e1ria do mes de agosto 2025."}, {"id": 400, "ano": 2025, "numero": 576, "tipo__sigla": "ATAO", "tipo__descricao": "Ata da Sess\u00e3o Ordin\u00e1ria", "autoria__autor__nome": null, "texto_original": "http://146.190.132.89/", "ementa": "Ata de N\u00ba 576/2025 da 5\u00aa sess\u00e3o Ordin\u00e1ria de agosto de 2025"}, {"id": 405, "ano": 2025, "numero": 577, "tipo__sigla": "ATAO", "tipo__descricao": "Ata da Sess\u00e3o Ordin\u00e1ria", "autoria__autor__nome": null, "texto_original": "http://146.190.132.89/", "ementa": "Ata de N\u00ba 577da 1\u00aa sess\u00e3o Ordin\u00e1ria de setembro de 2025."}, {"id": 406, "ano": 2025, "numero": 578, "tipo__sigla": "ATAO", "tipo__descricao": "Ata da Sess\u00e3o Ordin\u00e1ria", "autoria__autor__nome": null, "texto_original": "http://146.190.132.89/", "ementa": "Ata 578 2\u00aa sess\u00e3o ordin\u00e1ria."}, {"id": 414, "ano": 2025, "numero": 579, "tipo__sigla": "ATAO", "tipo__descricao": "Ata da Sess\u00e3o Ordin\u00e1ria", "autoria__autor__nome": null, "texto_original": "http://146.190.132.89/", "ementa": "Leitura da Ata 579"}, {"id": 416, "ano": 2025, "numero": 581, "tipo__sigla": "ATAO", "tipo__descricao": "Ata da Sess\u00e3o Ordin\u00e1ria", "autoria__autor__nome": null, "texto_original": "http://146.190.132.89/", "ementa": "Ata 581/2025 1\u00aa sess\u00e3o ordin\u00e1ria do mes de outubro."}, {"id": 417, "ano": 2025, "numero": 582, "tipo__sigla": "ATAO", "tipo__descricao": "Ata da Sess\u00e3o Ordin\u00e1ria", "autoria__autor__nome": null, "texto_original": "http://146.190.132.89/", "ementa": "ATA 582/2025."}, {"id": 418, "ano": 2025, "numero": 583, "tipo__sigla": "ATAO", "tipo__descricao": "Ata da Sess\u00e3o Ordin\u00e1ria", "autoria__autor__nome": null, "texto_original": "http://146.190.132.89/", "ementa": "Ata 583 3\u00aa sess\u00e3o ordin\u00e1ria 2025."}, {"id": 425, "ano": 2025, "numero": 584, "tipo__sigla": "ATAO", "tipo__descricao": "Ata da Sess\u00e3o Ordin\u00e1ria", "autoria__autor__nome": null, "texto_original": "http://146.190.132.89/", "ementa": "Leitura da Ata Ordin\u00e1ria 584/2025"}, {"id": 426, "ano": 2025, "numero": 585, "tipo__sigla": "ATAO", "tipo__descricao": "Ata da Sess\u00e3o Ordin\u00e1ria", "autoria__autor__nome": null, "texto_original": "http://146.190.132.89/", "ementa": "Ata 586/2025"}, {"id": 427, "ano": 2025, "numero": 586, "tipo__sigla": "ATAO", "tipo__descricao": "Ata da Sess\u00e3o Ordin\u00e1ria", "autoria__autor__nome": null, "texto_original": "http://146.190.132.89/", "ementa": "Ata N\u00ba 856/2025 1\u00aa sess\u00e3o ordin\u00e1ria."}, {"id": 431, "ano": 2025, "numero": 587, "tipo__sigla": "ATAO", "tipo__descricao": "Ata da Sess\u00e3o Ordin\u00e1ria", "autoria__autor__nome": null, "texto_original": "http://146.190.132.89/", "ementa": "Ata N\u00ba587/2025."}, {"id": 445, "ano": 2025, "numero": 588, "tipo__sigla": "ATAO", "tipo__descricao": "Ata da Sess\u00e3o Ordin\u00e1ria", "autoria__autor__nome": null, "texto_original": "http://146.190.132.89/", "ementa": "Ata 588 3\u00aa Sess\u00e3o ordin\u00e1ria do mes de Novembro de 2025."}, {"id": 467, "ano": 2025, "numero": 591, "tipo__sigla": "ATAO", "tipo__descricao": "Ata da Sess\u00e3o Ordin\u00e1ria", "autoria__autor__nome": null, "texto_original": "http://146.190.132.89/", "ementa": "Ata 591 1\u00aaSess\u00e3o Ordin\u00e1ria do mes de Dezembro 2025."}, {"id": 469, "ano": 2025, "numero": 592, "tipo__sigla": "ATAO", "tipo__descricao": "Ata da Sess\u00e3o Ordin\u00e1ria", "autoria__autor__nome": null, "texto_original": "http://146.190.132.89/", "ementa": "Ata 2\u00aa sess\u00e3o ordin\u00e1ria do mes de novembro 2025"}, {"id": 481, "ano": 2025, "numero": 593, "tipo__sigla": "ATAO", "tipo__descricao": "Ata da Sess\u00e3o Ordin\u00e1ria", "autoria__autor__nome": null, "texto_original": "http://146.190.132.89/", "ementa": "Ata N\u00ba593 da 3\u00aa sess\u00e3o ordin\u00e1ria do mes de dezembro."}, {"id": 482, "ano": 2025, "numero": 595, "tipo__sigla": "ATAO", "tipo__descricao": "Ata da Sess\u00e3o Ordin\u00e1ria", "autoria__autor__nome": null, "texto_original": "http://146.190.132.89/", "ementa": "Ata N\u00ba595 4\u00aa Sess\u00e3o ordin\u00e1ria."}, {"id": 492, "ano": 2025, "numero": 5, "tipo__sigla": "ATAE", "tipo__descricao": "Ata da Sess\u00e3o Extraordin\u00e1ria", "autoria__autor__nome": null, "texto_original": "http://146.190.132.89/", "ementa": "Ata de N\u00b0 05/2025, 1\u00aa \u00a0Sess\u00e3o extraordin\u00e1ria do M\u00eas de Dezembro de 2025"}, {"id": 493, "ano": 2025, "numero": 6, "tipo__sigla": "ATAE", "tipo__descricao": "Ata da Sess\u00e3o Extraordin\u00e1ria", "autoria__autor__nome": null, "texto_original": "http://146.190.132.89/", "ementa": "Ata de N\u00b0 06/2025, 2\u00aa \u00a0Sess\u00e3o extraordin\u00e1ria do M\u00eas de Dezembro de 2025."}, {"id": 391, "ano": 2025, "numero": 3, "tipo__sigla": "PP", "tipo__descricao": "Pedido de Provid\u00eancia", "autoria__autor__nome": "Marco Antonio de Castro", "texto_original": "http://146.190.132.89/", "ementa": "Solicitando que, sejam tomadas as devidas provid\u00eancias, para o atendimento ao Requerimento n\u00b0 008/2025, que foi editado em 22 de janeiro de 2025, seja viabilizado a sinaliza\u00e7\u00e3o de todas as vias urbanas de Pugmil, compreendendo a sinaliza\u00e7\u00e3o vertical com placas e a horizontal incluindo faixas de pedestres, mas que ainda n\u00e3o foi atendido."}, {"id": 392, "ano": 2025, "numero": 4, "tipo__sigla": "PP", "tipo__descricao": "Pedido de Provid\u00eancia", "autoria__autor__nome": "Marco Antonio de Castro", "texto_original": "http://146.190.132.89/", "ementa": "Solicitando que, sejam tomadas as devidas provid\u00eancias, com vista a atender ao Requerimento N\u00b0 009/2025, elaborado em 22 de janeiro de 2025, mas que ainda n\u00e3o foi atendido, solicitando que seja viabilizado a constru\u00e7\u00e3o de QUEBRA-MOLAS na Rua Pernambuco, Avenida Adelaide Mendes, Avenida Jos\u00e9 Wilson Siqueira Campos, e Avenida Pium."}, {"id": 393, "ano": 2025, "numero": 5, "tipo__sigla": "PP", "tipo__descricao": "Pedido de Provid\u00eancia", "autoria__autor__nome": "Marco Antonio de Castro", "texto_original": "http://146.190.132.89/", "ementa": "Solicitando que sejam tomadas as devidas provid\u00eancias, para o atendimento ao REQUERIMENTO N\u00b0 68/2025,  datado de 04 de junho de 2025, mas que ainda n\u00e3o foi atendido, solicitando que sejam encaminhados, via of\u00edcio, a esta C\u00e2mara Municipal de Pugmil, todas as leis sancionadas, e que a partir de desta data, todas as leis que forem sendo sancionadas, sejam enviadas de imediato, ap\u00f3s a sua publica\u00e7\u00e3o, uma c\u00f3pia via of\u00edcio \u00e0 este Poder Legislativo, a fim de que a C\u00e2mara Municipal possa providenciar a guarda dessas leis."}, {"id": 394, "ano": 2025, "numero": 6, "tipo__sigla": "PP", "tipo__descricao": "Pedido de Provid\u00eancia", "autoria__autor__nome": "Marco Antonio de Castro", "texto_original": "http://146.190.132.89/", "ementa": "Solicita que o mesmo tome das devidas PROVID\u00caNCIAS no sentido de atender ao Requerimento n\u00b0 47/2025, datado de 13 de mar\u00e7o de 2025 e que ainda n\u00e3o foi atendido, solicitando que ele viabilize o pagamento de ADICIONAL NOTURNO aos Profissionais da sa\u00fade, envolvendo todos os cargos que desempenham atividades no per\u00edodo noturno."}]}