{"headers": {"id": "ID", "ano": "Ano", "numero": "N\u00famero", "tipo__sigla": "Tipo de Mat\u00e9ria Legislativa/Sigla", "tipo__descricao": "Tipo de Mat\u00e9ria Legislativa/Descri\u00e7\u00e3o", "autoria__autor__nome": "Autorias/Autor/Nome do Autor", "texto_original": "Texto Original", "ementa": "Ementa"}, "results": [{"id": 165, "ano": 2023, "numero": 361, "tipo__sigla": "PLO", "tipo__descricao": "Projeto de Lei Executivo", "autoria__autor__nome": "Dircineu Francisco Bolina", "texto_original": "http://146.190.132.89/sapl/public/materialegislativa/2023/165/projeto_de_lei_n._361_de_26_de_janeiro_de_2023.pdf", "ementa": "\"Altera a Lei Municipal n\u00ba 005/2003 que disp\u00f5e sobre o Estatuto dos Servidores P\u00fablicos de Pugmil - TO e d\u00e1 outras provid\u00eancias\"."}, {"id": 166, "ano": 2023, "numero": 362, "tipo__sigla": "PLO", "tipo__descricao": "Projeto de Lei Executivo", "autoria__autor__nome": "Dircineu Francisco Bolina", "texto_original": "http://146.190.132.89/sapl/public/materialegislativa/2023/166/projeto_de_lei_n._362_de_26_de_janeiro_de_2023.pdf", "ementa": "\"Disp\u00f5e sobre contrata\u00e7\u00e3o por tempo determinado para atender a necessidade tempor\u00e1ria de excepcional interesse p\u00fablico, nos termos do inciso IX, do art. 37 da Constitui\u00e7\u00e3o Federal\"."}, {"id": 167, "ano": 2023, "numero": 363, "tipo__sigla": "PLO", "tipo__descricao": "Projeto de Lei Executivo", "autoria__autor__nome": "Dircineu Francisco Bolina", "texto_original": "http://146.190.132.89/sapl/public/materialegislativa/2023/167/projeto_de_lei_n._363_de_02_de_fevereiro_de_2023.pdf", "ementa": "\"Altera o Anexo I da Lei 243, de 18 de dezembro de 2017 que disp\u00f5e sobre a organiza\u00e7\u00e3o da Estrutura Administrativa do Poder Executivo do Munic\u00edpio de Pugmil e d\u00e1 outras provid\u00eancias.\""}, {"id": 168, "ano": 2023, "numero": 364, "tipo__sigla": "PLO", "tipo__descricao": "Projeto de Lei Executivo", "autoria__autor__nome": "Dircineu Francisco Bolina", "texto_original": "http://146.190.132.89/sapl/public/materialegislativa/2023/168/projeto_de_lei_n._364_de_02_de_fevereiro_de_2023.pdf", "ementa": "\"Altera a Lei Municipal n\u00b0 262/2018, de 15 junho de 2018 que fixa o valor para pagamento de Obriga\u00e7\u00f5es de Pequeno valor/RPV, decorrentes de decis\u00f5es judiciais, nos termos do Art. 100, par\u00e1grafos 3\u00b0 e 4\u00b0 da Constitui\u00e7\u00e3o Federal\"."}, {"id": 169, "ano": 2023, "numero": 365, "tipo__sigla": "PLO", "tipo__descricao": "Projeto de Lei Executivo", "autoria__autor__nome": "Dircineu Francisco Bolina", "texto_original": "http://146.190.132.89/sapl/public/materialegislativa/2023/169/projeto_de_lei_n._365_de_23_de_fevereiro_de_2023.pdf", "ementa": "\"Institui o Programa de Recupera\u00e7\u00e3o Fiscal do Municipal de Pugmil - REFIS 2023, concedendo desconto para o pagamento de tributos e d\u00e1 outras provid\u00eancias\"."}, {"id": 170, "ano": 2023, "numero": 366, "tipo__sigla": "PLO", "tipo__descricao": "Projeto de Lei Executivo", "autoria__autor__nome": "Dircineu Francisco Bolina", "texto_original": "http://146.190.132.89/sapl/public/materialegislativa/2023/170/projeto_de_lei_n._366_de_06_de_marco_de_2023.pdf", "ementa": "\"Altera o Anexo \u00danico da Lei Municipal n\u00b0 363 de 13 de Fevereiro de 2023, e d\u00e1 outras provid\u00eancias.\""}, {"id": 171, "ano": 2023, "numero": 367, "tipo__sigla": "PLO", "tipo__descricao": "Projeto de Lei Executivo", "autoria__autor__nome": "Dircineu Francisco Bolina", "texto_original": "http://146.190.132.89/sapl/public/materialegislativa/2023/171/projeto_de_lei_n._367_de_10_de_abril_de_2023.pdf", "ementa": "\"Altera o Anexo I da Lei 243, de 13 de dezembro de 2017 que disp\u00f5e sobre a organiza\u00e7\u00e3o da Estrutura Administrativa do Poder Executivo de Pugmil, e d\u00e1 outras provid\u00eancias\"."}, {"id": 172, "ano": 2023, "numero": 368, "tipo__sigla": "PLO", "tipo__descricao": "Projeto de Lei Executivo", "autoria__autor__nome": "Dircineu Francisco Bolina", "texto_original": "http://146.190.132.89/sapl/public/materialegislativa/2023/172/projeto_de_lei_n._368_de_06_de_marco_de_2023.pdf", "ementa": "\"Disp\u00f5e sobre a Revis\u00e3o Geral Anual dos Proventos dos Profissionais da Educa\u00e7\u00e3o B\u00e1sica do Poder Executivo do Munic\u00edpio de Pugmil - TO, e adota outras provid\u00eancias\"."}, {"id": 173, "ano": 2023, "numero": 369, "tipo__sigla": "PLO", "tipo__descricao": "Projeto de Lei Executivo", "autoria__autor__nome": "Dircineu Francisco Bolina", "texto_original": "http://146.190.132.89/sapl/public/materialegislativa/2023/173/projeto_de_lei_n._369_de_06_de_marco_de_2023.pdf", "ementa": "\"Institui o Programa de Bolsa para concess\u00e3o de aux\u00edlio financeiro a estudantes do Ensino Superior de Gradua\u00e7\u00e3o e P\u00f3s - Gradua\u00e7\u00e3o, residentes no Munic\u00edpio de Pugmil e d\u00e1 outras provid\u00eancias.\""}, {"id": 174, "ano": 2023, "numero": 370, "tipo__sigla": "PLO", "tipo__descricao": "Projeto de Lei Executivo", "autoria__autor__nome": "Dircineu Francisco Bolina", "texto_original": "http://146.190.132.89/sapl/public/materialegislativa/2023/174/projeto_de_lei_n._370_de_09_de_marco_de_2023.pdf", "ementa": "\"Disp\u00f5e sobre a cria\u00e7\u00e3o da Junta M\u00e9dica Oficial do Munic\u00edpio de Pugmil - TO no \u00e2mbito do servi\u00e7o p\u00fablico municipal e d\u00e1 outras provid\u00eancias.\""}, {"id": 175, "ano": 2023, "numero": 371, "tipo__sigla": "PLO", "tipo__descricao": "Projeto de Lei Executivo", "autoria__autor__nome": "Dircineu Francisco Bolina", "texto_original": "http://146.190.132.89/sapl/public/materialegislativa/2023/175/projeto_de_lei_n._371_de_10_de_abril_de_2023.pdf", "ementa": "\" Disp\u00f5e sobre o valor de al\u00e7ada para execu\u00e7\u00f5es fiscais do Munic\u00edpio, e adota outras provid\u00eancias\"."}, {"id": 176, "ano": 2023, "numero": 372, "tipo__sigla": "PLO", "tipo__descricao": "Projeto de Lei Executivo", "autoria__autor__nome": "Dircineu Francisco Bolina", "texto_original": "http://146.190.132.89/sapl/public/materialegislativa/2023/176/projeto_de_lei_n._372_de_10_de_maio_de_2023.pdf", "ementa": "\"Altera o ANEXO \u00daNICO da LEI MUNICIPAL n\u00b0 363, de 13 de fevereiro de 2023 e d\u00e1 outras provid\u00eancias.\""}, {"id": 177, "ano": 2023, "numero": 373, "tipo__sigla": "PLO", "tipo__descricao": "Projeto de Lei Executivo", "autoria__autor__nome": "Dircineu Francisco Bolina", "texto_original": "http://146.190.132.89/sapl/public/materialegislativa/2023/177/projeto_de_lei_n._373_de_31_de_julho_de_2023.pdf", "ementa": "\"Altera a Lei Municipal n\u00b0 040/2007 dando nova denomina\u00e7\u00e3o \u00e0 Avenida Palmas para \" Avenida Governador Siqueira Campos\" e d\u00e1 outras provid\u00eancias.\""}, {"id": 178, "ano": 2023, "numero": 374, "tipo__sigla": "PLO", "tipo__descricao": "Projeto de Lei Executivo", "autoria__autor__nome": "Dircineu Francisco Bolina", "texto_original": "http://146.190.132.89/sapl/public/materialegislativa/2023/178/projeto_de_lei_n._374_de_31_de_julho_de_2023.pdf", "ementa": "\"Disp\u00f5e sobre a autoriza\u00e7\u00e3o para Doa\u00e7\u00e3o de Im\u00f3veis de propriedade do Munic\u00edpio aos benefici\u00e1rios do programa Minha Casa Minha Vida - Entidades PMCMC - E do Governo Federal e d\u00e1 outras provid\u00eancias\"."}, {"id": 179, "ano": 2023, "numero": 375, "tipo__sigla": "PLO", "tipo__descricao": "Projeto de Lei Executivo", "autoria__autor__nome": "Dircineu Francisco Bolina", "texto_original": "http://146.190.132.89/sapl/public/materialegislativa/2023/179/projeto_de_lei_n._375_de_31_de_julho_de_2023.pdf", "ementa": "\"Altera o ANEXO \u00daNICO da LEI MUNICIPAL n\u00b0 363, de 13 de fevereiro de 2023 e d\u00e1 outras provid\u00eancias.\""}, {"id": 180, "ano": 2023, "numero": 376, "tipo__sigla": "PLO", "tipo__descricao": "Projeto de Lei Executivo", "autoria__autor__nome": "Dircineu Francisco Bolina", "texto_original": "http://146.190.132.89/sapl/public/materialegislativa/2023/180/projeto_de_lei_n._376_de_31_de_julho_de_2023.pdf", "ementa": "\"Altera a Lei n\u00b0 327, 15 de dezembro de 2021, que instituiu o Plano Plurianual municipal para o quadri\u00eanio de 2022/2025.\""}, {"id": 181, "ano": 2023, "numero": 377, "tipo__sigla": "PLO", "tipo__descricao": "Projeto de Lei Executivo", "autoria__autor__nome": "Dircineu Francisco Bolina", "texto_original": "http://146.190.132.89/sapl/public/materialegislativa/2023/181/projeto_de_lei_n._377_de_31_de_julho_de_2023.pdf", "ementa": "\"Altera a Lei 356/2022, 15 de dezembro de 202, que instituiu a Lei de Diretrizes Or\u00e7ament\u00e1rias para o exerc\u00edcio de 2023.\""}, {"id": 182, "ano": 2023, "numero": 378, "tipo__sigla": "PLO", "tipo__descricao": "Projeto de Lei Executivo", "autoria__autor__nome": "Dircineu Francisco Bolina", "texto_original": "http://146.190.132.89/sapl/public/materialegislativa/2023/182/projeto_de_lei_n._378_de_31_de_julho_de_2023.pdf", "ementa": "\"Altera a Lei n\u00b0 357, de 15 de Dezembro de 2022, que instituiu a Lei Or\u00e7ament\u00e1ria Anual do exerc\u00edcio de 2023\"."}, {"id": 183, "ano": 2023, "numero": 380, "tipo__sigla": "PLO", "tipo__descricao": "Projeto de Lei Executivo", "autoria__autor__nome": "Dircineu Francisco Bolina", "texto_original": "http://146.190.132.89/sapl/public/materialegislativa/2023/183/projeto_de_lei_n._0380_de_05_de_setembro_de_2023.pdf", "ementa": "\"Altera o ANEXO \u00daNICO da Lei Municipal n\u00b0 363, de 13 de fevereiro de 2023 e d\u00e1 outras provid\u00eancias\"."}, {"id": 97, "ano": 2023, "numero": 1, "tipo__sigla": "REQ", "tipo__descricao": "Requerimento", "autoria__autor__nome": "Aldo Rodrigues Coelho\r\nAlessandro Ribeiro de S\u00e1\r\nDAYANE DO VALE\r\nFabiano Peixoto Cardoso\r\nGISCARD PARENTE\r\nJAMESVAL COELHO\r\nNELMA ROSA AGUIAR\r\nRaynne Cabral Carneiro\r\nSANDRA GOMES", "texto_original": "http://146.190.132.89/sapl/public/materialegislativa/2023/97/requerimento_001-2023.pdf", "ementa": "Requer que o Poder Executivo providencie a atualiza\u00e7\u00e3o do C\u00f3digo de Posturas do Munic\u00edpio de Pugmil, bem como contrate ou designe um servidor do Munic\u00edpio para atuar como fiscal do cumprimento dessa Lei pelos moradores desta cidade."}, {"id": 98, "ano": 2023, "numero": 3, "tipo__sigla": "REQ", "tipo__descricao": "Requerimento", "autoria__autor__nome": "Aldo Rodrigues Coelho\r\nAlessandro Ribeiro de S\u00e1\r\nDAYANE DO VALE\r\nFabiano Peixoto Cardoso\r\nGISCARD PARENTE\r\nJAMESVAL COELHO\r\nNELMA ROSA AGUIAR\r\nRaynne Cabral Carneiro\r\nSANDRA GOMES", "texto_original": "http://146.190.132.89/sapl/public/materialegislativa/2023/98/requerimento_003-2023.pdf", "ementa": "Requer que o Poder Executivo providencie a constru\u00e7\u00e3o da Capela Mortu\u00e1ria no Cemit\u00e9rio Municipal de Pugmil."}, {"id": 99, "ano": 2023, "numero": 4, "tipo__sigla": "REQ", "tipo__descricao": "Requerimento", "autoria__autor__nome": "Aldo Rodrigues Coelho\r\nAlessandro Ribeiro de S\u00e1\r\nDAYANE DO VALE\r\nFabiano Peixoto Cardoso\r\nGISCARD PARENTE\r\nJAMESVAL COELHO\r\nNELMA ROSA AGUIAR\r\nRaynne Cabral Carneiro\r\nSANDRA GOMES", "texto_original": "http://146.190.132.89/sapl/public/materialegislativa/2023/99/requerimento_004-2023_.pdf", "ementa": "Requer que o Poder Executivo providencie a reforma do Balne\u00e1rio de Pugmil."}, {"id": 100, "ano": 2023, "numero": 5, "tipo__sigla": "REQ", "tipo__descricao": "Requerimento", "autoria__autor__nome": "Aldo Rodrigues Coelho\r\nAlessandro Ribeiro de S\u00e1\r\nDAYANE DO VALE\r\nFabiano Peixoto Cardoso\r\nGISCARD PARENTE\r\nJAMESVAL COELHO\r\nNELMA ROSA AGUIAR\r\nRaynne Cabral Carneiro\r\nSANDRA GOMES", "texto_original": "http://146.190.132.89/sapl/public/materialegislativa/2023/100/requerimento_005-2023.pdf", "ementa": "Requer que o Poder Executivo providencie a contrata\u00e7\u00e3o de um Monitor para o Transporte Escolar da Zona Rural."}, {"id": 101, "ano": 2023, "numero": 6, "tipo__sigla": "REQ", "tipo__descricao": "Requerimento", "autoria__autor__nome": "Aldo Rodrigues Coelho\r\nAlessandro Ribeiro de S\u00e1\r\nDAYANE DO VALE\r\nFabiano Peixoto Cardoso\r\nGISCARD PARENTE\r\nJAMESVAL COELHO\r\nNELMA ROSA AGUIAR\r\nRaynne Cabral Carneiro\r\nSANDRA GOMES", "texto_original": "http://146.190.132.89/sapl/public/materialegislativa/2023/101/requerimento_006-2023.pdf", "ementa": "Requer que o Poder Executivo Providencie a reforma do pr\u00e9dio da Secretaria da Agricultura, pois, o mesmo est\u00e1 deteriorado, necessitando de uma boa manuten\u00e7\u00e3o."}, {"id": 102, "ano": 2023, "numero": 7, "tipo__sigla": "REQ", "tipo__descricao": "Requerimento", "autoria__autor__nome": "Aldo Rodrigues Coelho\r\nAlessandro Ribeiro de S\u00e1\r\nDAYANE DO VALE\r\nFabiano Peixoto Cardoso\r\nGISCARD PARENTE\r\nJAMESVAL COELHO\r\nNELMA ROSA AGUIAR\r\nRaynne Cabral Carneiro\r\nSANDRA GOMES", "texto_original": "http://146.190.132.89/sapl/public/materialegislativa/2023/102/requerimento_007-2023.pdf", "ementa": "Requer que o Poder Executivo Providencie a designa\u00e7\u00e3o de um ve\u00edculo para o Conselho Tutelar de Pugmil."}, {"id": 103, "ano": 2023, "numero": 8, "tipo__sigla": "REQ", "tipo__descricao": "Requerimento", "autoria__autor__nome": "Aldo Rodrigues Coelho\r\nAlessandro Ribeiro de S\u00e1\r\nDAYANE DO VALE\r\nFabiano Peixoto Cardoso\r\nGISCARD PARENTE\r\nNELMA ROSA AGUIAR\r\nSANDRA GOMES", "texto_original": "http://146.190.132.89/sapl/public/materialegislativa/2023/103/requerimento_008-2023.pdf", "ementa": "Requer que o Poder Executivo Providencie a concess\u00e3o de Gratifica\u00e7\u00e3o aos Conselheiros Tutelares de Pugmil, ou que, pelo menos pague a remunera\u00e7\u00e3o que elas tem direito."}, {"id": 104, "ano": 2023, "numero": 9, "tipo__sigla": "REQ", "tipo__descricao": "Requerimento", "autoria__autor__nome": "Aldo Rodrigues Coelho\r\nAlessandro Ribeiro de S\u00e1\r\nDAYANE DO VALE\r\nFabiano Peixoto Cardoso\r\nGISCARD PARENTE\r\nNELMA ROSA AGUIAR\r\nSANDRA GOMES", "texto_original": "http://146.190.132.89/sapl/public/materialegislativa/2023/104/requerimento_009-2023_.pdf", "ementa": "Requer que o Poder Executivo Providencie a disponibilidade de uma Retroescavadeira para atender aos pequenos produtores rurais e urbanos."}, {"id": 105, "ano": 2023, "numero": 10, "tipo__sigla": "REQ", "tipo__descricao": "Requerimento", "autoria__autor__nome": "Fabiano Peixoto Cardoso\r\nGISCARD PARENTE\r\nJAMESVAL COELHO\r\nNELMA ROSA AGUIAR\r\nRaynne Cabral Carneiro", "texto_original": "http://146.190.132.89/sapl/public/materialegislativa/2023/105/requerimento_010-2023_.pdf", "ementa": "Requer que o Poder Executivo  viabiliza o pagamento do piso salarial estabelecido pelo Sociais do Senado Federal, regulamento a Profiss\u00e3o de Gari, e estabelecendo o teto salarial de R$ 1.850,00."}, {"id": 106, "ano": 2023, "numero": 11, "tipo__sigla": "REQ", "tipo__descricao": "Requerimento", "autoria__autor__nome": "DAYANE DO VALE\r\nFabiano Peixoto Cardoso\r\nGISCARD PARENTE\r\nJAMESVAL COELHO\r\nNELMA ROSA AGUIAR\r\nRaynne Cabral Carneiro", "texto_original": "http://146.190.132.89/sapl/public/materialegislativa/2023/106/requerimento_011-2023.pdf", "ementa": "Requer que o Poder Executivo viabilize o pagamento de R$ 300,00 (Trezentos Reais), em forma de reajuste ou a t\u00edtulo de Ticket Alimenta\u00e7\u00e3o, para os Guardas Noturnos."}, {"id": 107, "ano": 2023, "numero": 12, "tipo__sigla": "REQ", "tipo__descricao": "Requerimento", "autoria__autor__nome": "DAYANE DO VALE\r\nFabiano Peixoto Cardoso\r\nGISCARD PARENTE\r\nJAMESVAL COELHO\r\nNELMA ROSA AGUIAR\r\nRaynne Cabral Carneiro", "texto_original": "http://146.190.132.89/sapl/public/materialegislativa/2023/107/requerimento_012-2023.pdf", "ementa": "Requer que o Poder Executivo viabilize o pagamento de R$300,00 (Trezentos reais), em forma de reajuste ou t\u00edtulo de Ticket Alimenta\u00e7\u00e3o, para os Motoristas deste Munic\u00edpio."}, {"id": 108, "ano": 2023, "numero": 13, "tipo__sigla": "REQ", "tipo__descricao": "Requerimento", "autoria__autor__nome": "DAYANE DO VALE\r\nFabiano Peixoto Cardoso\r\nGISCARD PARENTE\r\nJAMESVAL COELHO\r\nNELMA ROSA AGUIAR\r\nRaynne Cabral Carneiro", "texto_original": "http://146.190.132.89/sapl/public/materialegislativa/2023/108/requerimento_013-2023.pdf", "ementa": "Requer que o Poder Executivo viabilize o pagamento de R$300,00 (Trezentos reais), em forma de reajuste ou t\u00edtulo de Ticket Alimenta\u00e7\u00e3o, para os Operadores de M\u00e1quinas."}, {"id": 109, "ano": 2023, "numero": 14, "tipo__sigla": "REQ", "tipo__descricao": "Requerimento", "autoria__autor__nome": "Aldo Rodrigues Coelho\r\nAlessandro Ribeiro de S\u00e1\r\nDAYANE DO VALE\r\nFabiano Peixoto Cardoso\r\nGISCARD PARENTE\r\nJAMESVAL COELHO\r\nNELMA ROSA AGUIAR\r\nRaynne Cabral Carneiro\r\nSANDRA GOMES", "texto_original": "http://146.190.132.89/sapl/public/materialegislativa/2023/109/requerimento_014-2023.pdf", "ementa": "Requer que o Poder Executivo adquira um ve\u00edculo tipo caminhoneta ou seja, um ve\u00edculo de carroceria, para Secretaria Municipal de Agricultura realizar pequenos servi\u00e7os em benef\u00edcio da popula\u00e7\u00e3o em geral de Pugmil."}, {"id": 110, "ano": 2023, "numero": 16, "tipo__sigla": "REQ", "tipo__descricao": "Requerimento", "autoria__autor__nome": "Aldo Rodrigues Coelho\r\nAlessandro Ribeiro de S\u00e1\r\nDAYANE DO VALE\r\nFabiano Peixoto Cardoso\r\nGISCARD PARENTE\r\nJAMESVAL COELHO\r\nNELMA ROSA AGUIAR\r\nRaynne Cabral Carneiro\r\nSANDRA GOMES", "texto_original": "http://146.190.132.89/sapl/public/materialegislativa/2023/110/requerimento_016-2023.pdf", "ementa": "Requer que o Poder Executivo solicite o reajuste e a remunera\u00e7\u00e3o da Gestora Fam\u00edlia e da Digitadora do Cadastro \u00danico de pugmil, pois est\u00e1 muito defasado."}, {"id": 111, "ano": 2023, "numero": 17, "tipo__sigla": "REQ", "tipo__descricao": "Requerimento", "autoria__autor__nome": "Aldo Rodrigues Coelho\r\nAlessandro Ribeiro de S\u00e1\r\nDAYANE DO VALE\r\nFabiano Peixoto Cardoso\r\nGISCARD PARENTE\r\nJAMESVAL COELHO\r\nNELMA ROSA AGUIAR\r\nRaynne Cabral Carneiro\r\nSANDRA GOMES", "texto_original": "http://146.190.132.89/sapl/public/materialegislativa/2023/111/requerimento_017-2023.pdf", "ementa": "Requer que o Poder Executivo viabilize a aquisi\u00e7\u00e3o de um aparelho de som para o Fundo Municipal de Assist\u00eancia Social, compat\u00edvel para cobrir os eventos promovidos, tais como palestras, encontros dos idosos, reuni\u00f5es, atividades diversas de promo\u00e7\u00e3o social, etc."}, {"id": 112, "ano": 2023, "numero": 18, "tipo__sigla": "REQ", "tipo__descricao": "Requerimento", "autoria__autor__nome": "Aldo Rodrigues Coelho\r\nAlessandro Ribeiro de S\u00e1\r\nDAYANE DO VALE\r\nFabiano Peixoto Cardoso\r\nGISCARD PARENTE\r\nJAMESVAL COELHO\r\nNELMA ROSA AGUIAR\r\nRaynne Cabral Carneiro\r\nSANDRA GOMES", "texto_original": "http://146.190.132.89/sapl/public/materialegislativa/2023/112/requerimento_018-2023.pdf", "ementa": "Requer que o Poder Executivo  solicite o reajuste salarial dos Professores da Rede Municipal de Ensino, em 14,94% (catorze, virgula noventa e quatro por cento)."}, {"id": 113, "ano": 2023, "numero": 19, "tipo__sigla": "REQ", "tipo__descricao": "Requerimento", "autoria__autor__nome": "Aldo Rodrigues Coelho\r\nAlessandro Ribeiro de S\u00e1\r\nDAYANE DO VALE\r\nFabiano Peixoto Cardoso\r\nGISCARD PARENTE\r\nJAMESVAL COELHO\r\nNELMA ROSA AGUIAR\r\nRaynne Cabral Carneiro\r\nSANDRA GOMES", "texto_original": "http://146.190.132.89/sapl/public/materialegislativa/2023/113/requerimento_019-2023.pdf", "ementa": "Requer que o Poder Executivo viabilize a constru\u00e7\u00e3o de um Ponto de \u00d4nibus com bancos, na Rodovia TO 354, na sa\u00edda de Pugmil para Pium, no espa\u00e7o entre a Rodovia e a Avenida Paralela que ser\u00e1 asfaltada pela Prefeitura."}, {"id": 114, "ano": 2023, "numero": 20, "tipo__sigla": "REQ", "tipo__descricao": "Requerimento", "autoria__autor__nome": "Aldo Rodrigues Coelho\r\nAlessandro Ribeiro de S\u00e1\r\nDAYANE DO VALE\r\nGISCARD PARENTE\r\nJAMESVAL COELHO\r\nNELMA ROSA AGUIAR\r\nRaynne Cabral Carneiro\r\nSANDRA GOMES", "texto_original": "http://146.190.132.89/sapl/public/materialegislativa/2023/114/requerimento_020-2023.pdf", "ementa": "Requer que o Poder Executivo viabilize a constru\u00e7\u00e3o de uma Casa de Vel\u00f3rio em Pugmil."}, {"id": 115, "ano": 2023, "numero": 21, "tipo__sigla": "REQ", "tipo__descricao": "Requerimento", "autoria__autor__nome": "Aldo Rodrigues Coelho\r\nAlessandro Ribeiro de S\u00e1\r\nDAYANE DO VALE\r\nFabiano Peixoto Cardoso\r\nGISCARD PARENTE\r\nJAMESVAL COELHO\r\nNELMA ROSA AGUIAR\r\nRaynne Cabral Carneiro\r\nSANDRA GOMES", "texto_original": "http://146.190.132.89/sapl/public/materialegislativa/2023/115/requerimento_021-2023_.pdf", "ementa": "Requer que o Poder Executivo viabilize a jardinagem, arboriza\u00e7\u00e3o e ilumina\u00e7\u00e3o da Avenida Palmas e da Avenida Pium, que fica situada na sa\u00edda para a cidade de Pium."}, {"id": 116, "ano": 2023, "numero": 22, "tipo__sigla": "REQ", "tipo__descricao": "Requerimento", "autoria__autor__nome": "Aldo Rodrigues Coelho\r\nAlessandro Ribeiro de S\u00e1\r\nDAYANE DO VALE\r\nFabiano Peixoto Cardoso\r\nGISCARD PARENTE\r\nJAMESVAL COELHO\r\nNELMA ROSA AGUIAR\r\nRaynne Cabral Carneiro\r\nSANDRA GOMES", "texto_original": "http://146.190.132.89/sapl/public/materialegislativa/2023/116/requerimento_022-2023.pdf", "ementa": "Requer que o Poder Executivo solicite que a Prefeitura construa um Estacionamento Coberto anexo \u00e0 Creche Municipal."}, {"id": 117, "ano": 2023, "numero": 23, "tipo__sigla": "REQ", "tipo__descricao": "Requerimento", "autoria__autor__nome": "Aldo Rodrigues Coelho\r\nAlessandro Ribeiro de S\u00e1\r\nDAYANE DO VALE\r\nFabiano Peixoto Cardoso\r\nGISCARD PARENTE\r\nJAMESVAL COELHO\r\nNELMA ROSA AGUIAR\r\nRaynne Cabral Carneiro\r\nSANDRA GOMES", "texto_original": "http://146.190.132.89/sapl/public/materialegislativa/2023/117/requerimento_023-2023.pdf", "ementa": "Requer que o Poder Executivo solicite que a Prefeitura aumente a altura dos muros, utilize detector de metais na portaria, e implemente mais seguran\u00e7a nas Escolas e creches de Pugmil."}, {"id": 118, "ano": 2023, "numero": 24, "tipo__sigla": "REQ", "tipo__descricao": "Requerimento", "autoria__autor__nome": "Aldo Rodrigues Coelho\r\nAlessandro Ribeiro de S\u00e1\r\nDAYANE DO VALE\r\nFabiano Peixoto Cardoso\r\nGISCARD PARENTE\r\nJAMESVAL COELHO\r\nNELMA ROSA AGUIAR\r\nRaynne Cabral Carneiro\r\nSANDRA GOMES", "texto_original": "http://146.190.132.89/sapl/public/materialegislativa/2023/118/requerimento_024-2023.pdf", "ementa": "Requer que seja contratado mais dois guardas para a Unidade B\u00e1sica de Sa\u00fade de Pugmil, para refor\u00e7ar a seguran\u00e7a e altear o muro."}, {"id": 119, "ano": 2023, "numero": 25, "tipo__sigla": "REQ", "tipo__descricao": "Requerimento", "autoria__autor__nome": "Aldo Rodrigues Coelho\r\nAlessandro Ribeiro de S\u00e1\r\nDAYANE DO VALE\r\nFabiano Peixoto Cardoso\r\nGISCARD PARENTE\r\nNELMA ROSA AGUIAR\r\nRaynne Cabral Carneiro\r\nSANDRA GOMES", "texto_original": "http://146.190.132.89/sapl/public/materialegislativa/2023/119/requerimento_025-2023.pdf", "ementa": "Requer que o Poder Executivo solicite que sejam instaladas C\u00e2meras de v\u00eddeo monitoramento nas principais entradas da cidade de Pugmil, a fim de propiciar mais seguran\u00e7a."}, {"id": 120, "ano": 2023, "numero": 26, "tipo__sigla": "REQ", "tipo__descricao": "Requerimento", "autoria__autor__nome": "Aldo Rodrigues Coelho\r\nDAYANE DO VALE\r\nFabiano Peixoto Cardoso\r\nGISCARD PARENTE\r\nJAMESVAL COELHO\r\nNELMA ROSA AGUIAR\r\nRaynne Cabral Carneiro\r\nSANDRA GOMES", "texto_original": "http://146.190.132.89/sapl/public/materialegislativa/2023/120/requerimento_026-2023.pdf", "ementa": "Requer que o Poder Executivo viabilize uma capacita\u00e7\u00e3o de professores, para que possam lidar melhor com esta situa\u00e7\u00e3o da presen\u00e7a de pessoas com Transtorno do Espectro Autista, visto que, pelas particularidades de comportamento desses alunos."}, {"id": 121, "ano": 2023, "numero": 27, "tipo__sigla": "REQ", "tipo__descricao": "Requerimento", "autoria__autor__nome": "Aldo Rodrigues Coelho\r\nDAYANE DO VALE\r\nFabiano Peixoto Cardoso\r\nGISCARD PARENTE\r\nJAMESVAL COELHO\r\nNELMA ROSA AGUIAR\r\nRaynne Cabral Carneiro\r\nSANDRA GOMES", "texto_original": "http://146.190.132.89/sapl/public/materialegislativa/2023/121/requerimento_027-2023.pdf", "ementa": "Requer que o Presidente da Casa possa constituir uma a\u00e7\u00e3o denominada: Frente Parlamentar de Defesa dos Direitos das Pessoas com Transtorno do Espectro Autista deste Munic\u00edpio de Pugmil."}, {"id": 122, "ano": 2023, "numero": 28, "tipo__sigla": "REQ", "tipo__descricao": "Requerimento", "autoria__autor__nome": "Aldo Rodrigues Coelho\r\nAlessandro Ribeiro de S\u00e1\r\nDAYANE DO VALE\r\nFabiano Peixoto Cardoso\r\nJAMESVAL COELHO\r\nNELMA ROSA AGUIAR\r\nRaynne Cabral Carneiro\r\nSANDRA GOMES", "texto_original": "http://146.190.132.89/sapl/public/materialegislativa/2023/122/requerimento_028-2023.pdf", "ementa": "Requer que o Poder Executivo viabilize a disponibilidade de transporte para os funcion\u00e1rios desta Prefeitura Municipal que residem em Para\u00edso e que trabalham em Pugmil, cedendo uma Van ou estabelecendo Auxilio Transporte."}, {"id": 123, "ano": 2023, "numero": 29, "tipo__sigla": "REQ", "tipo__descricao": "Requerimento", "autoria__autor__nome": "Aldo Rodrigues Coelho\r\nAlessandro Ribeiro de S\u00e1\r\nDAYANE DO VALE\r\nFabiano Peixoto Cardoso\r\nGISCARD PARENTE\r\nJAMESVAL COELHO\r\nNELMA ROSA AGUIAR\r\nRaynne Cabral Carneiro\r\nSANDRA GOMES", "texto_original": "http://146.190.132.89/sapl/public/materialegislativa/2023/123/requerimento_029-2023.pdf", "ementa": "Requer que o Poder Executivo solicite que seja institu\u00edda a Semana de Trabalho de Conscientiza\u00e7\u00e3o sobre o Bullyng nas Unidades Educacionais de Pugmil."}, {"id": 124, "ano": 2023, "numero": 30, "tipo__sigla": "REQ", "tipo__descricao": "Requerimento", "autoria__autor__nome": "Aldo Rodrigues Coelho\r\nAlessandro Ribeiro de S\u00e1\r\nDAYANE DO VALE\r\nFabiano Peixoto Cardoso\r\nGISCARD PARENTE\r\nJAMESVAL COELHO\r\nNELMA ROSA AGUIAR\r\nRaynne Cabral Carneiro\r\nSANDRA GOMES", "texto_original": "http://146.190.132.89/sapl/public/materialegislativa/2023/124/requerimento_030-2023.pdf", "ementa": "Requer que o Poder Executivo viabilize instala\u00e7\u00e3o de C\u00e2meras nas escolas e creches nesta cidade de Pugmil, a fim de propiciar maior seguran\u00e7a aos alunos e crian\u00e7as assistidas."}, {"id": 125, "ano": 2023, "numero": 31, "tipo__sigla": "REQ", "tipo__descricao": "Requerimento", "autoria__autor__nome": "Aldo Rodrigues Coelho\r\nAlessandro Ribeiro de S\u00e1\r\nGISCARD PARENTE\r\nJAMESVAL COELHO\r\nNELMA ROSA AGUIAR\r\nRaynne Cabral Carneiro\r\nSANDRA GOMES", "texto_original": "http://146.190.132.89/sapl/public/materialegislativa/2023/125/requerimento_031-2023.pdf", "ementa": "Requer que o Poder Executivo viabilize a realiza\u00e7\u00e3o de um casamento comunit\u00e1rio, para atender principalmente os casais de baixa renda que necessitam oficializar o seu casamento."}, {"id": 126, "ano": 2023, "numero": 32, "tipo__sigla": "REQ", "tipo__descricao": "Requerimento", "autoria__autor__nome": "Aldo Rodrigues Coelho\r\nAlessandro Ribeiro de S\u00e1\r\nDAYANE DO VALE\r\nGISCARD PARENTE\r\nJAMESVAL COELHO\r\nNELMA ROSA AGUIAR\r\nRaynne Cabral Carneiro\r\nSANDRA GOMES", "texto_original": "http://146.190.132.89/sapl/public/materialegislativa/2023/126/requerimento_032-2023.pdf", "ementa": "Requer que o Poder Executivo viabilize a designa\u00e7\u00e3o de verba espec\u00edfica para investir na Festa do Padroeiro de Pugmil, que \u00e9 S\u00e3o Jo\u00e3o Batista."}, {"id": 127, "ano": 2023, "numero": 33, "tipo__sigla": "REQ", "tipo__descricao": "Requerimento", "autoria__autor__nome": "Aldo Rodrigues Coelho\r\nAlessandro Ribeiro de S\u00e1\r\nGISCARD PARENTE\r\nJAMESVAL COELHO\r\nNELMA ROSA AGUIAR\r\nRaynne Cabral Carneiro\r\nSANDRA GOMES", "texto_original": "http://146.190.132.89/sapl/public/materialegislativa/2023/127/requerimento_033-2023.pdf", "ementa": "Requer que o Poder Executivo viabilize a constru\u00e7\u00e3o de dois Quebra - Molas na Rua Minas Gerais, pois, est\u00e1 havendo grande movimento de ve\u00edculos."}, {"id": 128, "ano": 2023, "numero": 34, "tipo__sigla": "REQ", "tipo__descricao": "Requerimento", "autoria__autor__nome": "Aldo Rodrigues Coelho\r\nAlessandro Ribeiro de S\u00e1\r\nDAYANE DO VALE\r\nFabiano Peixoto Cardoso\r\nGISCARD PARENTE\r\nJAMESVAL COELHO\r\nNELMA ROSA AGUIAR\r\nRaynne Cabral Carneiro", "texto_original": "http://146.190.132.89/sapl/public/materialegislativa/2023/128/requerimento_034-2023.pdf", "ementa": "Requer que o Poder Executivo utilize o excedente de gera\u00e7\u00e3o de energia solar, em um programa social beneficiando as fam\u00edlias de baixa renda e aposentados, pensionista e idosos acima de 60 anos de idade."}, {"id": 129, "ano": 2023, "numero": 35, "tipo__sigla": "REQ", "tipo__descricao": "Requerimento", "autoria__autor__nome": "Aldo Rodrigues Coelho\r\nAlessandro Ribeiro de S\u00e1\r\nDAYANE DO VALE\r\nFabiano Peixoto Cardoso\r\nGISCARD PARENTE\r\nJAMESVAL COELHO\r\nNELMA ROSA AGUIAR\r\nRaynne Cabral Carneiro", "texto_original": "http://146.190.132.89/sapl/public/materialegislativa/2023/129/requerimento_035-2023_.pdf", "ementa": "Requer que o Poder Executivo solicite que seja constru\u00eddo passarelas para pedestres no canteiro da Avenida Palmas, em frente aos com\u00e9rcios abaixo relacionados, para que as pessoas possam transitar com facilidade e terem acesso aos estabelecimentos comerciais, sendo eles: Restaurante da Dona Raimunda, Restaurante do Z\u00e9 Andrade, Bar do Carretel."}, {"id": 130, "ano": 2023, "numero": 36, "tipo__sigla": "REQ", "tipo__descricao": "Requerimento", "autoria__autor__nome": "Aldo Rodrigues Coelho\r\nAlessandro Ribeiro de S\u00e1\r\nDAYANE DO VALE\r\nFabiano Peixoto Cardoso\r\nGISCARD PARENTE\r\nJAMESVAL COELHO\r\nNELMA ROSA AGUIAR\r\nRaynne Cabral Carneiro", "texto_original": "http://146.190.132.89/sapl/public/materialegislativa/2023/130/requerimento_036-2023_.pdf", "ementa": "Requer que o Poder Executivo viabilize com poss\u00edvel urg\u00eancia, um reajuste salarial para os motoristas da educa\u00e7\u00e3o, pois, desde o in\u00edcio deste exerc\u00edcio os mesmos continuam sem receberem um aumento em seus sal\u00e1rios."}, {"id": 131, "ano": 2023, "numero": 37, "tipo__sigla": "REQ", "tipo__descricao": "Requerimento", "autoria__autor__nome": "Aldo Rodrigues Coelho\r\nAlessandro Ribeiro de S\u00e1\r\nDAYANE DO VALE\r\nFabiano Peixoto Cardoso\r\nGISCARD PARENTE\r\nSANDRA GOMES", "texto_original": "http://146.190.132.89/sapl/public/materialegislativa/2023/131/requerimento_037-2023.pdf", "ementa": "Requer que o Poder Executivo viabilize a altera\u00e7\u00e3o da Lei Municipal n\u00b0 238/2018, que se refere ao Loteamento da Quadra 119, Lote 4, setor empresarial de Pugmil, a fim de facilitar as empresas que queiram se instalar em nosso munic\u00edpio a adquirir um im\u00f3vel."}, {"id": 132, "ano": 2023, "numero": 38, "tipo__sigla": "REQ", "tipo__descricao": "Requerimento", "autoria__autor__nome": "Aldo Rodrigues Coelho\r\nAlessandro Ribeiro de S\u00e1\r\nDAYANE DO VALE\r\nGISCARD PARENTE\r\nSANDRA GOMES", "texto_original": "http://146.190.132.89/sapl/public/materialegislativa/2023/132/requerimento_038-2023_.pdf", "ementa": "Requer que o Poder Executivo viabilize a aquisi\u00e7\u00e3o de uma caminhoneta para a Assist\u00eancia Social, pois, esta Secretaria t\u00e3o importante n\u00e3o tem um carro aberto para ser utilizada no dia de evento, transportando objetos e equipamentos."}, {"id": 133, "ano": 2023, "numero": 39, "tipo__sigla": "REQ", "tipo__descricao": "Requerimento", "autoria__autor__nome": "Aldo Rodrigues Coelho\r\nAlessandro Ribeiro de S\u00e1\r\nDAYANE DO VALE\r\nGISCARD PARENTE\r\nSANDRA GOMES", "texto_original": "http://146.190.132.89/sapl/public/materialegislativa/2023/133/requerimento_039-2023.pdf", "ementa": "Requer que o Poder Executivo viabilize os seguintes benef\u00edcios para o Parque de Vaquejada de Pugmil: Constru\u00e7\u00e3o de banheiros, po\u00e7o artesiano com caixa d\u00b4\u00b4agua com capacidade para cinquenta mil litros."}, {"id": 134, "ano": 2023, "numero": 40, "tipo__sigla": "REQ", "tipo__descricao": "Requerimento", "autoria__autor__nome": "Alessandro Ribeiro de S\u00e1\r\nDAYANE DO VALE\r\nFabiano Peixoto Cardoso\r\nGISCARD PARENTE\r\nJAMESVAL COELHO\r\nNELMA ROSA AGUIAR\r\nRaynne Cabral Carneiro\r\nSANDRA GOMES", "texto_original": "http://146.190.132.89/sapl/public/materialegislativa/2023/134/requerimento_040-2023.pdf", "ementa": "Requer que o Poder Executivo viabilize um programa de Incentivo para as empresas se instalarem no Distrito Industrial de Pugmil ou no munic\u00edpio, estabelecendo isen\u00e7\u00e3o fiscal de pelo menos 10 anos."}, {"id": 135, "ano": 2023, "numero": 41, "tipo__sigla": "REQ", "tipo__descricao": "Requerimento", "autoria__autor__nome": "Aldo Rodrigues Coelho\r\nAlessandro Ribeiro de S\u00e1\r\nDAYANE DO VALE\r\nFabiano Peixoto Cardoso\r\nGISCARD PARENTE\r\nNELMA ROSA AGUIAR\r\nRaynne Cabral Carneiro\r\nSANDRA GOMES", "texto_original": "http://146.190.132.89/sapl/public/materialegislativa/2023/135/requerimento_041-2023.pdf", "ementa": "Requer que o Poder Executivo viabilize a atualiza\u00e7\u00e3o de di\u00e1rias do pessoal da Equipe de Vacina humana e antirr\u00e1bica desde Munic\u00edpio de Pugmil, para pelo menos R$ 60,00 (Sessenta Reais)."}, {"id": 136, "ano": 2023, "numero": 42, "tipo__sigla": "REQ", "tipo__descricao": "Requerimento", "autoria__autor__nome": "Aldo Rodrigues Coelho\r\nAlessandro Ribeiro de S\u00e1\r\nDAYANE DO VALE\r\nGISCARD PARENTE\r\nJAMESVAL COELHO\r\nNELMA ROSA AGUIAR\r\nRaynne Cabral Carneiro\r\nSANDRA GOMES", "texto_original": "http://146.190.132.89/sapl/public/materialegislativa/2023/136/requerimento_no_042-2023.pdf", "ementa": "Requer que o Poder Executivo solicite que seja elaborado um Projeto de Lei criando o PCCR do Quadro Geral dos Servidores P\u00fablicos de Pugmil, e que seja encaminhado para a devida aprecia\u00e7\u00e3o plen\u00e1ria desta C\u00e2mara Municipal."}, {"id": 163, "ano": 2023, "numero": 1, "tipo__sigla": "IND", "tipo__descricao": "Indica\u00e7\u00e3o", "autoria__autor__nome": "SANDRA GOMES", "texto_original": "http://146.190.132.89/sapl/public/materialegislativa/2023/163/indicacao_001-2023.pdf", "ementa": "Solicita ao Deputado Federal Toninho de Andrade viabilizar Emenda Parlamentar para a constru\u00e7\u00e3o de ponte sobre o Rio Mangues - divisa entre Pugmil e Porto Nacional."}]}