{"id":4,"__str__":"OFIC N\u00ba 023/2026 - Oficio","metadata":{},"numero":23,"complemento":"","ano":2026,"data":"2026-02-05","interessado":"Prefeito Municipal","dias_prazo":null,"data_fim_prazo":null,"tramitacao":false,"assunto":"Indica\u00e7\u00e3o na qualidade de L\u00edder do PL, o vereador Elmir oliveira da Silva.","numero_externo":null,"observacao":"","texto_integral":"http://146.190.132.89/media/sapl/private/documentoadministrativo/4/oficio-23-2026.pdf","restrito":false,"ip":"24.199.103.122","ultima_edicao":"2026-02-05T11:05:24.079524-03:00","tipo":1,"protocolo":null,"autor":29,"user":2,"anexados":[],"materiasvinculadas":[]}