{"id":1,"__str__":"OFIC N\u00ba 020/2026 - Oficio","metadata":{},"numero":20,"complemento":"","ano":2026,"data":"2026-02-03","interessado":"Prefeito Municipal","dias_prazo":null,"data_fim_prazo":null,"tramitacao":false,"assunto":"Indica\u00e7\u00e3o do Poder Executivo na qualidade de L\u00edder do Prefeito, o vereador Alessandro Pereira de S\u00e1.","numero_externo":null,"observacao":"","texto_integral":"http://146.190.132.89/media/sapl/private/documentoadministrativo/1/oficio-20-2026.pdf","restrito":false,"ip":"24.199.103.122","ultima_edicao":"2026-02-05T10:53:26.716593-03:00","tipo":1,"protocolo":null,"autor":16,"user":2,"anexados":[],"materiasvinculadas":[]}