{"id":528,"__str__":"Requerimento n\u00ba 12 de 2026","metadata":{},"numero":12,"ano":2026,"numero_protocolo":null,"data_apresentacao":"2026-03-05","tipo_apresentacao":"E","data_publicacao":null,"numero_origem_externa":"","ano_origem_externa":null,"data_origem_externa":null,"apelido":"","dias_prazo":null,"data_fim_prazo":null,"em_tramitacao":false,"polemica":false,"objeto":"","complementar":false,"ementa":"Solicitando que o mesmo viabilize a designa\u00e7\u00e3o de guarda para atuar no lix\u00e3o, a fim de orientar as pessoas para fazerem o descarte de lixo de forma correta.","indexacao":"","observacao":"","resultado":"","texto_original":null,"data_ultima_atualizacao":"2026-04-06T18:34:59.174484-03:00","ip":"24.199.103.122","ultima_edicao":"2026-04-06T18:29:39.449706-03:00","tipo":9,"regime_tramitacao":1,"tipo_origem_externa":null,"local_origem_externa":null,"user":2,"anexadas":[],"autores":[6]}