{"id":496,"__str__":"Oficio n\u00ba 20 de 2026","metadata":{},"numero":20,"ano":2026,"numero_protocolo":null,"data_apresentacao":"2026-02-03","tipo_apresentacao":"E","data_publicacao":null,"numero_origem_externa":"","ano_origem_externa":null,"data_origem_externa":null,"apelido":"","dias_prazo":null,"data_fim_prazo":null,"em_tramitacao":true,"polemica":false,"objeto":"","complementar":false,"ementa":"Indica\u00e7\u00e3o na qualidade de L\u00edder do Prefeito, o vereador Alessandro Pereira de S\u00e1.","indexacao":"","observacao":"","resultado":"","texto_original":"http://146.190.132.89/media/sapl/public/materialegislativa/2026/496/oficio-20-2026.pdf","data_ultima_atualizacao":"2026-02-04T15:09:16.194759-03:00","ip":"24.199.103.122","ultima_edicao":"2026-02-04T14:37:49.428503-03:00","tipo":23,"regime_tramitacao":1,"tipo_origem_externa":null,"local_origem_externa":null,"user":2,"anexadas":[],"autores":[29]}