{"id":493,"__str__":"Ata da Sess\u00e3o Extraordin\u00e1ria n\u00ba 6 de 2025","metadata":{},"numero":6,"ano":2025,"numero_protocolo":null,"data_apresentacao":"2025-12-17","tipo_apresentacao":"E","data_publicacao":null,"numero_origem_externa":"","ano_origem_externa":null,"data_origem_externa":null,"apelido":"","dias_prazo":null,"data_fim_prazo":null,"em_tramitacao":false,"polemica":false,"objeto":"","complementar":false,"ementa":"Ata de N\u00b0 06/2025, 2\u00aa \u00a0Sess\u00e3o extraordin\u00e1ria do M\u00eas de Dezembro de 2025.","indexacao":"","observacao":"","resultado":"","texto_original":null,"data_ultima_atualizacao":"2026-02-04T13:57:00.143327-03:00","ip":"24.199.103.122","ultima_edicao":"2026-02-04T13:56:12.465843-03:00","tipo":17,"regime_tramitacao":1,"tipo_origem_externa":null,"local_origem_externa":null,"user":2,"anexadas":[],"autores":[]}