{"id":474,"__str__":"Parecer de Comiss\u00e3o n\u00ba 21 de 2025","metadata":{},"numero":21,"ano":2025,"numero_protocolo":null,"data_apresentacao":"2025-06-06","tipo_apresentacao":"E","data_publicacao":null,"numero_origem_externa":"","ano_origem_externa":null,"data_origem_externa":null,"apelido":"","dias_prazo":null,"data_fim_prazo":null,"em_tramitacao":false,"polemica":false,"objeto":"","complementar":false,"ementa":"Parecer referente ao Projeto de Lei n\u00b0 019/2025, que \u201cAutoriza a aliena\u00e7\u00e3o de bens m\u00f3veis usados e sucatas inserv\u00edveis e d\u00e1 outras provid\u00eancias\u201d.","indexacao":"","observacao":"","resultado":"","texto_original":"http://146.190.132.89/media/sapl/public/materialegislativa/2025/474/parecer_projeto_do_execultivo_2020250616_11050132.pdf","data_ultima_atualizacao":"2025-12-03T16:54:22.472475-03:00","ip":"24.199.103.122","ultima_edicao":"2025-12-03T16:52:56.633034-03:00","tipo":7,"regime_tramitacao":1,"tipo_origem_externa":null,"local_origem_externa":null,"user":2,"anexadas":[],"autores":[39,40]}