{"id":472,"__str__":"Parecer de Comiss\u00e3o n\u00ba 20 de 2025","metadata":{},"numero":20,"ano":2025,"numero_protocolo":null,"data_apresentacao":"2025-06-03","tipo_apresentacao":"E","data_publicacao":null,"numero_origem_externa":"","ano_origem_externa":null,"data_origem_externa":null,"apelido":"","dias_prazo":null,"data_fim_prazo":null,"em_tramitacao":false,"polemica":false,"objeto":"","complementar":false,"ementa":"Parecer referente ao Projeto de Lei n\u00b0 018/2025, que \u201cInstitui a Pol\u00edtica Municipal de Educa\u00e7\u00e3o Integral em Tempo Integral no Munic\u00edpio de Pugmil - TO e d\u00e1 outras provid\u00eancias\u201d.","indexacao":"","observacao":"","resultado":"","texto_original":"http://146.190.132.89/media/sapl/public/materialegislativa/2025/472/parecer_projeto_do_execultivo_1820250616_11033191.pdf","data_ultima_atualizacao":"2025-12-03T16:50:36.660874-03:00","ip":"24.199.103.122","ultima_edicao":"2025-12-03T16:48:48.202661-03:00","tipo":7,"regime_tramitacao":1,"tipo_origem_externa":null,"local_origem_externa":null,"user":2,"anexadas":[],"autores":[39,42]}