{"id":464,"__str__":"Parecer de Comiss\u00e3o n\u00ba 7 de 2025","metadata":{},"numero":7,"ano":2025,"numero_protocolo":null,"data_apresentacao":"2025-03-11","tipo_apresentacao":"E","data_publicacao":null,"numero_origem_externa":"","ano_origem_externa":null,"data_origem_externa":null,"apelido":"","dias_prazo":null,"data_fim_prazo":null,"em_tramitacao":false,"polemica":false,"objeto":"","complementar":false,"ementa":"Parecer referente ao Projeto de Lei n\u00b0 006/2025, que \"Institui a Pol\u00edtica Municipal de Alfabetiza\u00e7\u00e3o no Ensino Fundamental e d\u00e1 outras provid\u00eancias.\"","indexacao":"","observacao":"","resultado":"","texto_original":"http://146.190.132.89/media/sapl/public/materialegislativa/2025/464/parecer_das_comissoes_projeto_de_lei_06_executivo_aprovado20250319_09113127.pdf","data_ultima_atualizacao":"2025-12-01T17:05:34.012566-03:00","ip":"24.199.103.122","ultima_edicao":"2025-12-01T17:02:40.032894-03:00","tipo":7,"regime_tramitacao":1,"tipo_origem_externa":null,"local_origem_externa":null,"user":2,"anexadas":[],"autores":[39,42]}