{"id":462,"__str__":"Parecer de Comiss\u00e3o n\u00ba 8 de 2025","metadata":{},"numero":8,"ano":2025,"numero_protocolo":null,"data_apresentacao":"2025-03-11","tipo_apresentacao":"E","data_publicacao":null,"numero_origem_externa":"","ano_origem_externa":null,"data_origem_externa":null,"apelido":"","dias_prazo":null,"data_fim_prazo":null,"em_tramitacao":false,"polemica":false,"objeto":"","complementar":false,"ementa":"Parecer referente ao Projeto de Lei n\u00b0 007/2025, que \"Disp\u00f5e sobre a implementa\u00e7\u00e3o de Programa de Alfabetiza\u00e7\u00e3o \"Agora \u00e9 a minha vez, vou aprender a ler\" d\u00e1 outras provid\u00eancias.\"","indexacao":"","observacao":"","resultado":"","texto_original":"http://146.190.132.89/media/sapl/public/materialegislativa/2025/462/parecer_das_comissoes_projeto_de_lei_07_executivo_aprovado20250319_09184673.pdf","data_ultima_atualizacao":"2025-12-01T17:00:16.542308-03:00","ip":"24.199.103.122","ultima_edicao":"2025-12-01T16:57:52.845536-03:00","tipo":7,"regime_tramitacao":1,"tipo_origem_externa":null,"local_origem_externa":null,"user":2,"anexadas":[],"autores":[39,42]}