{"id":457,"__str__":"Requerimento n\u00ba 12 de 2025","metadata":{},"numero":12,"ano":2025,"numero_protocolo":null,"data_apresentacao":"2025-01-31","tipo_apresentacao":"E","data_publicacao":null,"numero_origem_externa":"","ano_origem_externa":null,"data_origem_externa":null,"apelido":"","dias_prazo":null,"data_fim_prazo":null,"em_tramitacao":false,"polemica":false,"objeto":"","complementar":false,"ementa":"Solicitando que, seja institu\u00eddo pelo Munic\u00edpio, um Programa de Fortalecimento do Com\u00e9rcio Local.","indexacao":"","observacao":"","resultado":"","texto_original":"http://146.190.132.89/media/sapl/public/materialegislativa/2025/457/requerimento_n_012-2025.pdf","data_ultima_atualizacao":"2025-12-01T14:40:20.940495-03:00","ip":"24.199.103.122","ultima_edicao":"2025-12-01T14:37:52.222350-03:00","tipo":9,"regime_tramitacao":1,"tipo_origem_externa":null,"local_origem_externa":null,"user":2,"anexadas":[],"autores":[9]}