{"id":452,"__str__":"Requerimento n\u00ba 7 de 2025","metadata":{},"numero":7,"ano":2025,"numero_protocolo":null,"data_apresentacao":"2025-01-16","tipo_apresentacao":"E","data_publicacao":null,"numero_origem_externa":"","ano_origem_externa":null,"data_origem_externa":null,"apelido":"","dias_prazo":null,"data_fim_prazo":null,"em_tramitacao":false,"polemica":false,"objeto":"","complementar":false,"ementa":"Solicitando que, seja viabilizado a implanta\u00e7\u00e3o do Programa de Capacita\u00e7\u00e3o T\u00e9cnica para a nossa popula\u00e7\u00e3o, o que significa desenvolvimento econ\u00f4mico para a cidade e melhor qualifica\u00e7\u00e3o profissional para a nossa gente.","indexacao":"","observacao":"","resultado":"","texto_original":"http://146.190.132.89/media/sapl/public/materialegislativa/2025/452/requerimento_n_007-2025.pdf","data_ultima_atualizacao":"2025-12-01T14:23:52.502337-03:00","ip":"24.199.103.122","ultima_edicao":"2025-12-01T14:22:01.297799-03:00","tipo":9,"regime_tramitacao":1,"tipo_origem_externa":null,"local_origem_externa":null,"user":2,"anexadas":[],"autores":[8]}