{"id":423,"__str__":"Parecer de Comiss\u00e3o n\u00ba 25 de 2025","metadata":{},"numero":25,"ano":2025,"numero_protocolo":null,"data_apresentacao":"2025-09-10","tipo_apresentacao":"E","data_publicacao":null,"numero_origem_externa":"","ano_origem_externa":null,"data_origem_externa":null,"apelido":"","dias_prazo":null,"data_fim_prazo":null,"em_tramitacao":false,"polemica":false,"objeto":"","complementar":false,"ementa":"Parecer referente ao Projeto de Lei n\u00b0 024, de 11 de agosto de 2025, que \"Altera o Anexo I da Lei 243, de 27 de agosto de 2025 - Prorroga a vig\u00eancia do Plano Municipal de Educa\u00e7\u00e3o (PME) aprovado pela Lei Municipal n\u00b0 189, de 23 de junho de 2015, e d\u00e1 outras provid\u00eancias.\"","indexacao":"","observacao":"","resultado":"","texto_original":"http://146.190.132.89/media/sapl/public/materialegislativa/2025/423/parecer_de_comissao__n_25.pdf","data_ultima_atualizacao":"2025-10-22T14:57:42.001393-03:00","ip":"201.148.182.216","ultima_edicao":"2025-10-22T14:55:02.785952-03:00","tipo":7,"regime_tramitacao":1,"tipo_origem_externa":null,"local_origem_externa":null,"user":2,"anexadas":[],"autores":[39,42]}