{"id":420,"__str__":"Parecer de Comiss\u00e3o n\u00ba 22 de 2025","metadata":{},"numero":22,"ano":2025,"numero_protocolo":null,"data_apresentacao":"2025-08-13","tipo_apresentacao":"E","data_publicacao":null,"numero_origem_externa":"","ano_origem_externa":null,"data_origem_externa":null,"apelido":"","dias_prazo":null,"data_fim_prazo":null,"em_tramitacao":false,"polemica":false,"objeto":"","complementar":false,"ementa":"Parecer referente ao Projeto de Lei n\u00b0 021/2025, de 26 de junho de 2025, que \"Disp\u00f5e sobre a transi\u00e7\u00e3o e o reenquadramento de servidores p\u00fablicos efetivos entre planos de cargos e carreiras da Administra\u00e7\u00e3o P\u00fablica Municipal, e d\u00e1 outras provid\u00eancias.\"","indexacao":"","observacao":"","resultado":"","texto_original":"http://146.190.132.89/media/sapl/public/materialegislativa/2025/420/parecer_das_comissoes_n_22-2025.pdf","data_ultima_atualizacao":"2025-10-22T14:47:27.950100-03:00","ip":"201.148.182.216","ultima_edicao":"2025-10-22T14:42:18.729949-03:00","tipo":7,"regime_tramitacao":1,"tipo_origem_externa":null,"local_origem_externa":null,"user":2,"anexadas":[],"autores":[39,41]}