{"id":419,"__str__":"Parecer de Comiss\u00e3o n\u00ba 17 de 2025","metadata":{},"numero":17,"ano":2025,"numero_protocolo":null,"data_apresentacao":"2025-05-15","tipo_apresentacao":"E","data_publicacao":null,"numero_origem_externa":"","ano_origem_externa":null,"data_origem_externa":null,"apelido":"","dias_prazo":null,"data_fim_prazo":null,"em_tramitacao":false,"polemica":false,"objeto":"","complementar":false,"ementa":"Parecer referente ao Projeto de Decreto Legislativo n\u00b0 001, de 13 de maio de 2025, que \"Disp\u00f5e sobre a constitui\u00e7\u00e3o da Comiss\u00e3o Especial de Vereadores de Pugmil - Tocantins, para participar da XXVI Marcha em Defesa dos Munic\u00edpios em Bras\u00edlia - DF, e d\u00e1 outras provid\u00eancias.\"","indexacao":"","observacao":"","resultado":"","texto_original":"http://146.190.132.89/media/sapl/public/materialegislativa/2025/419/parecer_das_comissoes_n_17-2025.pdf","data_ultima_atualizacao":"2025-10-22T14:45:30.370266-03:00","ip":"201.148.182.216","ultima_edicao":"2025-10-22T14:45:29.931253-03:00","tipo":7,"regime_tramitacao":1,"tipo_origem_externa":null,"local_origem_externa":null,"user":2,"anexadas":[],"autores":[39,40]}