{"id":349,"__str__":"Projeto de Decreto Legislativo n\u00ba 2 de 2025","metadata":{},"numero":2,"ano":2025,"numero_protocolo":null,"data_apresentacao":"2025-05-15","tipo_apresentacao":"E","data_publicacao":null,"numero_origem_externa":"","ano_origem_externa":null,"data_origem_externa":null,"apelido":"","dias_prazo":null,"data_fim_prazo":null,"em_tramitacao":true,"polemica":false,"objeto":"","complementar":false,"ementa":"Disp\u00f5e sobre a constitui\u00e7\u00e3o da Comiss\u00e3o Especial de Vereadores de Pugmil \u2013 Tocantins, para participar da XXVI Marcha em Defesa dos Munic\u00edpios em Bras\u00edlia \u2013 DF., e d\u00e1 outras provid\u00eancias.","indexacao":"","observacao":"","resultado":"","texto_original":null,"data_ultima_atualizacao":"2025-05-15T09:29:40.127821-03:00","ip":"170.239.106.45","ultima_edicao":"2025-05-15T09:22:00.443756-03:00","tipo":4,"regime_tramitacao":2,"tipo_origem_externa":null,"local_origem_externa":null,"user":3,"anexadas":[],"autores":[23]}