{"id":319,"__str__":"Aut\u00f3grafo de Lei n\u00ba 280 de 2019","metadata":{},"numero":280,"ano":2019,"numero_protocolo":null,"data_apresentacao":"2019-08-07","tipo_apresentacao":"E","data_publicacao":null,"numero_origem_externa":"","ano_origem_externa":null,"data_origem_externa":null,"apelido":"","dias_prazo":null,"data_fim_prazo":null,"em_tramitacao":false,"polemica":false,"objeto":"","complementar":false,"ementa":"\"Altera o anexo \u00danico da Lei n\u00b0 273/2018, de 14 de dezembro de 2018, que disp\u00f5e sobre concentra\u00e7\u00e3o por tempo determinado para atender a necessidade tempor\u00e1ria de excepcional interesse p\u00fablico, nos termos do inciso IX do art. 37 da Constitui\u00e7\u00e3o Federal\".","indexacao":"","observacao":"","resultado":"","texto_original":"http://146.190.132.89/media/sapl/public/materialegislativa/2019/319/autografo_de_lei_n_280-2019.pdf","data_ultima_atualizacao":"2025-04-06T16:19:22.256399-03:00","ip":"189.8.125.35","ultima_edicao":"2025-04-06T16:11:49.654976-03:00","tipo":18,"regime_tramitacao":1,"tipo_origem_externa":null,"local_origem_externa":null,"user":2,"anexadas":[],"autores":[12]}