{"id":29,"__str__":"Projeto de Lei Executivo n\u00ba 2 de 2025","metadata":{},"numero":2,"ano":2025,"numero_protocolo":null,"data_apresentacao":"2025-03-10","tipo_apresentacao":"E","data_publicacao":null,"numero_origem_externa":"","ano_origem_externa":null,"data_origem_externa":null,"apelido":"","dias_prazo":null,"data_fim_prazo":null,"em_tramitacao":true,"polemica":false,"objeto":"","complementar":false,"ementa":"Institui a Pol\u00edtica Municipal de Alfabetiza\u00e7\u00e3o no Ensino Fundamental e d\u00e1 outras provid\u00eancias.","indexacao":"","observacao":"","resultado":"","texto_original":null,"data_ultima_atualizacao":"2025-03-10T17:55:51.253445-03:00","ip":"2804:171c:20f3:c100:d470:789e:81f5:a7dd","ultima_edicao":"2025-03-10T17:55:51.184109-03:00","tipo":3,"regime_tramitacao":1,"tipo_origem_externa":null,"local_origem_externa":null,"user":2,"anexadas":[],"autores":[29]}