{"id":218,"__str__":"Projeto de Lei Executivo n\u00ba 209 de 2016","metadata":{},"numero":209,"ano":2016,"numero_protocolo":null,"data_apresentacao":"2016-05-03","tipo_apresentacao":"E","data_publicacao":null,"numero_origem_externa":"","ano_origem_externa":null,"data_origem_externa":null,"apelido":"","dias_prazo":null,"data_fim_prazo":null,"em_tramitacao":false,"polemica":false,"objeto":"","complementar":false,"ementa":"D\u00e1 nome ao Centro de Refer\u00eancia de Assist\u00eancia Social - CRAS e adota outras provid\u00eancias\".","indexacao":"","observacao":"","resultado":"","texto_original":"http://146.190.132.89/media/sapl/public/materialegislativa/2016/218/projeto_de_lei_no_209-2016_.pdf","data_ultima_atualizacao":"2025-04-04T22:38:03.118267-03:00","ip":"189.8.125.35","ultima_edicao":"2025-04-04T22:36:19.797677-03:00","tipo":3,"regime_tramitacao":1,"tipo_origem_externa":null,"local_origem_externa":null,"user":2,"anexadas":[],"autores":[38]}