{"id":140,"__str__":"Requerimento n\u00ba 51 de 2025","metadata":{},"numero":51,"ano":2025,"numero_protocolo":null,"data_apresentacao":"2025-03-19","tipo_apresentacao":"E","data_publicacao":null,"numero_origem_externa":"","ano_origem_externa":null,"data_origem_externa":null,"apelido":"","dias_prazo":null,"data_fim_prazo":null,"em_tramitacao":false,"polemica":false,"objeto":"","complementar":false,"ementa":"Solicita que seja viabilizada revitaliza\u00e7\u00e3o da Pra\u00e7a da Matriz (Pra\u00e7a Joaquim J\u00falio Peixoto), instalando uma Academia ao Ar Livre, plantas ornamentais, jardinagem e l\u00e2mpadas modernas.","indexacao":"","observacao":"","resultado":"","texto_original":null,"data_ultima_atualizacao":"2025-03-24T11:11:06.153726-03:00","ip":"170.239.106.11","ultima_edicao":"2025-03-24T11:08:47.759394-03:00","tipo":9,"regime_tramitacao":1,"tipo_origem_externa":null,"local_origem_externa":null,"user":3,"anexadas":[],"autores":[4,5]}