{"id":120,"__str__":"Requerimento n\u00ba 26 de 2023","metadata":{},"numero":26,"ano":2023,"numero_protocolo":null,"data_apresentacao":"2023-04-12","tipo_apresentacao":"E","data_publicacao":null,"numero_origem_externa":"","ano_origem_externa":null,"data_origem_externa":null,"apelido":"","dias_prazo":null,"data_fim_prazo":null,"em_tramitacao":false,"polemica":false,"objeto":"","complementar":false,"ementa":"Requer que o Poder Executivo viabilize uma capacita\u00e7\u00e3o de professores, para que possam lidar melhor com esta situa\u00e7\u00e3o da presen\u00e7a de pessoas com Transtorno do Espectro Autista, visto que, pelas particularidades de comportamento desses alunos.","indexacao":"","observacao":"","resultado":"","texto_original":"http://146.190.132.89/media/sapl/public/materialegislativa/2023/120/requerimento_026-2023.pdf","data_ultima_atualizacao":"2025-03-23T19:24:43.292233-03:00","ip":"189.8.125.35","ultima_edicao":"2025-03-23T19:06:32.794556-03:00","tipo":9,"regime_tramitacao":1,"tipo_origem_externa":null,"local_origem_externa":null,"user":2,"anexadas":[],"autores":[1,10,5,11,12,13,7,14]}