{"id":115,"__str__":"Requerimento n\u00ba 21 de 2023","metadata":{},"numero":21,"ano":2023,"numero_protocolo":null,"data_apresentacao":"2023-04-10","tipo_apresentacao":"E","data_publicacao":null,"numero_origem_externa":"","ano_origem_externa":null,"data_origem_externa":null,"apelido":"","dias_prazo":null,"data_fim_prazo":null,"em_tramitacao":false,"polemica":false,"objeto":"","complementar":false,"ementa":"Requer que o Poder Executivo viabilize a jardinagem, arboriza\u00e7\u00e3o e ilumina\u00e7\u00e3o da Avenida Palmas e da Avenida Pium, que fica situada na sa\u00edda para a cidade de Pium.","indexacao":"","observacao":"","resultado":"","texto_original":"http://146.190.132.89/media/sapl/public/materialegislativa/2023/115/requerimento_021-2023_.pdf","data_ultima_atualizacao":"2025-03-23T18:36:55.929581-03:00","ip":"189.8.125.35","ultima_edicao":"2025-03-23T18:34:09.585996-03:00","tipo":9,"regime_tramitacao":1,"tipo_origem_externa":null,"local_origem_externa":null,"user":2,"anexadas":[],"autores":[1,2,10,5,11,12,13,7,14]}