{"id":102,"__str__":"Requerimento n\u00ba 7 de 2023","metadata":{},"numero":7,"ano":2023,"numero_protocolo":null,"data_apresentacao":"2023-02-09","tipo_apresentacao":"E","data_publicacao":null,"numero_origem_externa":"","ano_origem_externa":null,"data_origem_externa":null,"apelido":"","dias_prazo":null,"data_fim_prazo":null,"em_tramitacao":false,"polemica":false,"objeto":"","complementar":false,"ementa":"Requer que o Poder Executivo Providencie a designa\u00e7\u00e3o de um ve\u00edculo para o Conselho Tutelar de Pugmil.","indexacao":"","observacao":"","resultado":"","texto_original":"http://146.190.132.89/media/sapl/public/materialegislativa/2023/102/requerimento_007-2023.pdf","data_ultima_atualizacao":"2025-03-23T16:41:48.967748-03:00","ip":"189.8.125.35","ultima_edicao":"2025-03-23T16:40:01.839891-03:00","tipo":9,"regime_tramitacao":1,"tipo_origem_externa":null,"local_origem_externa":null,"user":2,"anexadas":[],"autores":[1,2,10,5,11,12,13,7,14]}