{"id":101,"__str__":"Requerimento n\u00ba 6 de 2023","metadata":{},"numero":6,"ano":2023,"numero_protocolo":null,"data_apresentacao":"2023-02-09","tipo_apresentacao":"E","data_publicacao":null,"numero_origem_externa":"","ano_origem_externa":null,"data_origem_externa":null,"apelido":"","dias_prazo":null,"data_fim_prazo":null,"em_tramitacao":false,"polemica":false,"objeto":"","complementar":false,"ementa":"Requer que o Poder Executivo Providencie a reforma do pr\u00e9dio da Secretaria da Agricultura, pois, o mesmo est\u00e1 deteriorado, necessitando de uma boa manuten\u00e7\u00e3o.","indexacao":"","observacao":"","resultado":"","texto_original":"http://146.190.132.89/media/sapl/public/materialegislativa/2023/101/requerimento_006-2023.pdf","data_ultima_atualizacao":"2025-03-23T16:39:34.971580-03:00","ip":"189.8.125.35","ultima_edicao":"2025-03-23T16:36:32.728056-03:00","tipo":9,"regime_tramitacao":1,"tipo_origem_externa":null,"local_origem_externa":null,"user":2,"anexadas":[],"autores":[1,2,10,5,11,12,13,7,14]}